{"id":2471,"date":"2025-09-01T15:15:41","date_gmt":"2025-09-01T13:15:41","guid":{"rendered":"\/trondheim\/?p=2471"},"modified":"2025-09-01T15:20:32","modified_gmt":"2025-09-01T13:20:32","slug":"uflakks-og-feminalen-legges-pa-is","status":"publish","type":"post","link":"\/trondheim\/2025\/09\/01\/uflakks-og-feminalen-legges-pa-is\/","title":{"rendered":"UFLAKKS og Feminalen legges p\u00e5 is"},"content":{"rendered":"<p><strong>Grunnet usikkerhet i \u00f8konomi,<\/strong> b\u00e5de internt i prosjektene og til moderorganisasjonen AKKS, ser vi oss dessverre n\u00f8dt til \u00e5 kutte b\u00e5de festival og ungdomskonsertene v\u00e5re denne h\u00f8sten. AKKS fikk et uventet bortfall av tilskudd i mai, og dette rammer organisasjonen s\u00e5pass hardt at vi\u00a0 m\u00e5 kutte flere prosjekt for \u00e5 redde \u00f8konomien.<\/p>\n<p><strong>Feminalen<\/strong> er en festival som har skapt plass, synliggjort og hedret dyktige kvinner i musikklivet i 10 \u00e5r. Festivalen ble gjennomf\u00f8rt i alle \u00e5r under Covid, og det er f\u00f8rste gang siden oppstarten i 2014 at festivalen ikke blir arrangert. Festivalen er nasjonalt anerkjent, og har hatt en lang rekke etablerte og up-and-coming kvinnelige talent p\u00e5 scenen.<\/p>\n<p><strong>UFLAKKS <\/strong>arrang\u00f8rlag best\u00e5r av ungdom mellom 15 og 18 som f\u00e5r oppl\u00e6ring i \u00e5 lage konserter. Ungdommene booker og lager rusfrie konserter for andre ungdommer. Ungdomsmedvirkning er kjernen i prosjektet, og UFLAKKS en arena hvor unge kan f\u00e5 en unik innsikt i hvordan bransjen fungerer, samt bygge kompetanse og nettverk. Det er ogs\u00e5 en mulighet for ungdom til \u00e5 dra p\u00e5 kule konserter med jevnaldrende. UFLAKKS bygger b\u00e5de frivillighets- og konsertkultur, til fordel for regionens kulturliv for \u00f8vrig. N\u00e5 legger prosjektet p\u00e5 is inntil videre, og fremtiden er usikker.<\/p>\n<p><strong>Vi jobber for \u00e5 sikre b\u00e5de festival og konsertserie<\/strong> p\u00e5 lang sikt, men for 2025 mister Trondheim en viktig plattform for likestilling i musikkbransjen, og et unikt ungdomsdrevet tilbud.<\/p>\n","protected":false},"excerpt":{"rendered":"<p>Feminalen og UFLAKKS (v\u00e5r U-18 konsertserie) legges p\u00e5 is i 2025 og g\u00e5r en usikker fremtid i m\u00f8te.<\/p>\n","protected":false},"author":7,"featured_media":2476,"comment_status":"closed","ping_status":"closed","sticky":false,"template":"","format":"standard","meta":[],"categories":[38,37],"tags":[57,55,56,54],"_links":{"self":[{"href":"https:\/\/akks.no\/trondheim\/wp-json\/wp\/v2\/posts\/2471"}],"collection":[{"href":"https:\/\/akks.no\/trondheim\/wp-json\/wp\/v2\/posts"}],"about":[{"href":"https:\/\/akks.no\/trondheim\/wp-json\/wp\/v2\/types\/post"}],"author":[{"embeddable":true,"href":"https:\/\/akks.no\/trondheim\/wp-json\/wp\/v2\/users\/7"}],"replies":[{"embeddable":true,"href":"https:\/\/akks.no\/trondheim\/wp-json\/wp\/v2\/comments?post=2471"}],"version-history":[{"count":1,"href":"https:\/\/akks.no\/trondheim\/wp-json\/wp\/v2\/posts\/2471\/revisions"}],"predecessor-version":[{"id":2473,"href":"https:\/\/akks.no\/trondheim\/wp-json\/wp\/v2\/posts\/2471\/revisions\/2473"}],"wp:featuredmedia":[{"embeddable":true,"href":"https:\/\/akks.no\/trondheim\/wp-json\/wp\/v2\/media\/2476"}],"wp:attachment":[{"href":"https:\/\/akks.no\/trondheim\/wp-json\/wp\/v2\/media?parent=2471"}],"wp:term":[{"taxonomy":"category","embeddable":true,"href":"https:\/\/akks.no\/trondheim\/wp-json\/wp\/v2\/categories?post=2471"},{"taxonomy":"post_tag","embeddable":true,"href":"https:\/\/akks.no\/trondheim\/wp-json\/wp\/v2\/tags?post=2471"}],"curies":[{"name":"wp","href":"https:\/\/api.w.org\/{rel}","templated":true}]}}