{"id":2387,"date":"2025-05-14T13:39:08","date_gmt":"2025-05-14T11:39:08","guid":{"rendered":"\/trondheim\/?p=2387"},"modified":"2025-05-14T13:39:34","modified_gmt":"2025-05-14T11:39:34","slug":"viktig-melding-vedrorende-gratisplasser-og-sommerkurs-2","status":"publish","type":"post","link":"\/trondheim\/2025\/05\/14\/viktig-melding-vedrorende-gratisplasser-og-sommerkurs-2\/","title":{"rendered":"Viktig informasjon vedr\u00f8rende gratisplasser og sommerkurs"},"content":{"rendered":"<h2><b>Kj\u00e6re AKKSere, st\u00f8ttespillere, kurselever og foresatte<\/b><\/h2>\n<p><span style=\"font-weight: 400;\">Det er med tungt hjerte vi m\u00e5 informere om at vi n\u00e5 ser oss n\u00f8dt til \u00e5 <strong>legge ned tilbudet<\/strong> om gratisplasser p\u00e5 kursene v\u00e5re, og vi m\u00e5<strong> avlyse<\/strong> sommeraktivitetene v\u00e5re. Grunnlaget for denne endringen ligger i at vi, i en sjokkmelding, fikk avslag p\u00e5 s\u00f8knaden om fortsatt st\u00f8tte fra Bufdirs tilskuddsordning for inkludering av barn og unge i fritidsaktiviteter. Heldigvis fikk vi videref\u00f8rt SNAKKS &#8211; \u00c5pen m\u00f8teplass, men fikk ogs\u00e5 her mindre midler enn ventet. <\/span><\/p>\n<p><span style=\"font-weight: 400;\">Tilsammen utgj\u00f8r disse prosjektene en stor andel av inntektene til organisasjonen. <strong>Gratisplassene er og har v\u00e6rt et godt etablert tilbud<\/strong>, som har v\u00e6rt utrolig <strong>viktig<\/strong> for inkluderingen av barn og unge i Trondheim, og det er med et tungt hjerte at vi n\u00e5 ser oss n\u00f8dt til \u00e5 avvikle ordningen med gratisplasser. <strong>AKKS Trondheim er en kompetanseakt\u00f8r p\u00e5 inkludering og mangfoldsarbeid<\/strong>, og gratisplassene har v\u00e6rt en essensiell del av v\u00e5rt arbeid for tilgjengelige gratistilbud for barn og ungdom. Mangelen p\u00e5 st\u00f8tte fra Bufdir resulterer n\u00e5 i at flere hundre barn og unge p\u00e5 AKKS vil <strong>miste sitt viktigste lavterskeltilbud<\/strong>, og det er vi utrolig lei oss for. Vi kommer til \u00e5 gj\u00f8re alt i v\u00e5r makt til \u00e5 pr\u00f8ve \u00e5 redde prosjektet, og \u00f8nsker <strong>derfor din hjelp.\u00a0<\/strong><\/span><\/p>\n<h2><b>Hva kan du gj\u00f8re?\u00a0<\/b><\/h2>\n<p><span style=\"font-weight: 400;\">Vi \u00f8nsker \u00e5 <strong>kjempe for gratisplassene og for sommerkursene v\u00e5re<\/strong>! Men for \u00e5 gj\u00f8re dette, har vi behov for \u00e5 h\u00f8re <strong>deres historier og tanker<\/strong>. Hva har AKKS sine tilbud betydd for deg? Har du eller noen du kjenner deltatt p\u00e5 sommerkurs, eller benyttet deg av gratisplasser p\u00e5 kurs hos oss? <strong>Vi setter stor pris<\/strong> p\u00e5 alt vi kan f\u00e5 av personlige historier, tanker og f\u00f8lelser knyttet til tapet av gratisplassene. Send oss gjerne en melding p\u00e5 <strong>Instagram<\/strong> (@akkstrondheim), <strong>Facebook<\/strong> (akks.trondheim) eller <strong>E-post<\/strong> (trondheim@akks.no)<\/span><\/p>\n<p><img loading=\"lazy\" class=\"alignnone size-full wp-image-2381\" src=\"http:\/\/akks.no\/trondheim\/files\/2025\/05\/0022_FotoINASTENVIG_AKKSkonsert2024-scaled.jpg\" alt=\"\" width=\"2560\" height=\"1706\" srcset=\"https:\/\/akks.no\/trondheim\/files\/2025\/05\/0022_FotoINASTENVIG_AKKSkonsert2024-scaled.jpg 2560w, https:\/\/akks.no\/trondheim\/files\/2025\/05\/0022_FotoINASTENVIG_AKKSkonsert2024-300x200.jpg 300w, https:\/\/akks.no\/trondheim\/files\/2025\/05\/0022_FotoINASTENVIG_AKKSkonsert2024-1024x683.jpg 1024w, https:\/\/akks.no\/trondheim\/files\/2025\/05\/0022_FotoINASTENVIG_AKKSkonsert2024-768x512.jpg 768w, https:\/\/akks.no\/trondheim\/files\/2025\/05\/0022_FotoINASTENVIG_AKKSkonsert2024-1536x1024.jpg 1536w, https:\/\/akks.no\/trondheim\/files\/2025\/05\/0022_FotoINASTENVIG_AKKSkonsert2024-2048x1365.jpg 2048w, https:\/\/akks.no\/trondheim\/files\/2025\/05\/0022_FotoINASTENVIG_AKKSkonsert2024-720x480.jpg 720w, https:\/\/akks.no\/trondheim\/files\/2025\/05\/0022_FotoINASTENVIG_AKKSkonsert2024-600x400.jpg 600w\" sizes=\"(max-width: 2560px) 100vw, 2560px\" \/><\/p>\n","protected":false},"excerpt":{"rendered":"<p>Kj\u00e6re AKKSere, st\u00f8ttespillere, kurselever og foresatte Det er med tungt hjerte vi m\u00e5 informere om at vi n\u00e5 ser oss n\u00f8dt til \u00e5 legge ned tilbudet om gratisplasser p\u00e5 kursene v\u00e5re, og vi m\u00e5 avlyse sommeraktivitetene v\u00e5re. Grunnlaget for denne endringen ligger i at vi, i en sjokkmelding, fikk avslag p\u00e5 s\u00f8knaden om fortsatt st\u00f8tte [&hellip;]<\/p>\n","protected":false},"author":7,"featured_media":2379,"comment_status":"closed","ping_status":"closed","sticky":false,"template":"","format":"standard","meta":[],"categories":[37],"tags":[],"_links":{"self":[{"href":"https:\/\/akks.no\/trondheim\/wp-json\/wp\/v2\/posts\/2387"}],"collection":[{"href":"https:\/\/akks.no\/trondheim\/wp-json\/wp\/v2\/posts"}],"about":[{"href":"https:\/\/akks.no\/trondheim\/wp-json\/wp\/v2\/types\/post"}],"author":[{"embeddable":true,"href":"https:\/\/akks.no\/trondheim\/wp-json\/wp\/v2\/users\/7"}],"replies":[{"embeddable":true,"href":"https:\/\/akks.no\/trondheim\/wp-json\/wp\/v2\/comments?post=2387"}],"version-history":[{"count":4,"href":"https:\/\/akks.no\/trondheim\/wp-json\/wp\/v2\/posts\/2387\/revisions"}],"predecessor-version":[{"id":2391,"href":"https:\/\/akks.no\/trondheim\/wp-json\/wp\/v2\/posts\/2387\/revisions\/2391"}],"wp:featuredmedia":[{"embeddable":true,"href":"https:\/\/akks.no\/trondheim\/wp-json\/wp\/v2\/media\/2379"}],"wp:attachment":[{"href":"https:\/\/akks.no\/trondheim\/wp-json\/wp\/v2\/media?parent=2387"}],"wp:term":[{"taxonomy":"category","embeddable":true,"href":"https:\/\/akks.no\/trondheim\/wp-json\/wp\/v2\/categories?post=2387"},{"taxonomy":"post_tag","embeddable":true,"href":"https:\/\/akks.no\/trondheim\/wp-json\/wp\/v2\/tags?post=2387"}],"curies":[{"name":"wp","href":"https:\/\/api.w.org\/{rel}","templated":true}]}}