{"id":1166,"date":"2020-12-22T16:01:03","date_gmt":"2020-12-22T15:01:03","guid":{"rendered":"\/trondheim\/?p=1166"},"modified":"2020-12-22T16:11:18","modified_gmt":"2020-12-22T15:11:18","slug":"festivalsjef","status":"publish","type":"post","link":"\/trondheim\/2020\/12\/22\/festivalsjef\/","title":{"rendered":"Er du feminalens nye festivalsjef?"},"content":{"rendered":"<p><span style=\"font-weight: 400;\">Feminalen er en musikkfestival som arbeider for et mer inkluderende og mangfoldig kulturliv. Siden 2014 har festivalen i regi av AKKS Trondheim skapt rom for debatt og l\u00f8ftet frem dyktige kvinnelige artister.<\/span><\/p>\n<p><span style=\"font-weight: 400;\">Feminalen s\u00f8ker en festivalsjef som er visjon\u00e6r og \u00f8nsker \u00e5 bygge videre og utvikle festivalen som en viktig akt\u00f8r for et mangfoldig kulturliv. Vi \u00f8nsker en festivalsjef som kjenner sitt overordnede ansvar, er strukturert og har god kommunikasjon og oversikt over arbeidsgruppas oppgaver. B\u00e5de festivalsjef og arbeidsgruppa er ut\u00f8vende, arbeidsgruppa har ansvarsomr\u00e5der som booking, fag\/seminar, presse og SoMe, produsent, frivilligansvarlig, webansvarlig og grafiker. Daglig leder for AKKS Trondheim har det \u00f8konomiske ansvaret og tar seg av s\u00f8knadsskriving og rapportering.\u00a0<\/span><\/p>\n<p><strong>Arbeidsoppgaver:<\/strong><\/p>\n<ul>\n<li><span style=\"font-weight: 400;\">Overordnet ansvar for planlegging og avvikling av festivalen<\/span><\/li>\n<li><span style=\"font-weight: 400;\">Lede arbeidsgruppa og gjennomf\u00f8re m\u00f8ter<\/span><\/li>\n<li><span style=\"font-weight: 400;\">V\u00e6re talsperson og festivalens ansikt utad<\/span><\/li>\n<li><span style=\"font-weight: 400;\">Utvikle festivalen<\/span><\/li>\n<li><span style=\"font-weight: 400;\">Ha kontakt og rapportere til arbeidsgiver, styret i AKKS Trondheim<\/span><\/li>\n<li><span style=\"font-weight: 400;\">Rekruttere egnede kandidater til arbeidsgruppa<\/span><\/li>\n<\/ul>\n<p><strong>\u00d8nskede kvalifikasjoner og egenskaper:<\/strong><\/p>\n<ul>\n<li><span style=\"font-weight: 400;\">Relevant utdanning og\/eller arbeidserfaring<\/span><\/li>\n<li><span style=\"font-weight: 400;\">Stor arbeidskapasitet og gjennomf\u00f8ringsevne<\/span><\/li>\n<li><span style=\"font-weight: 400;\">Gode samarbeids- og kommunikasjonsevner<\/span><\/li>\n<li><span style=\"font-weight: 400;\">God muntlig og skriftlig fremstillingsevne<\/span><\/li>\n<\/ul>\n<p><strong>Vi tilbyr:<\/strong><\/p>\n<ul>\n<li><span style=\"font-weight: 400;\">Mulighet til \u00e5 p\u00e5virke til et mer inkluderende og mangfoldig kulturliv <\/span><\/li>\n<li><span style=\"font-weight: 400;\">Godt og artig arbeidsmilj\u00f8 med mange engasjerte mennesker<\/span><\/li>\n<li><span style=\"font-weight: 400;\">Oppl\u00e6ring og veiledning<br \/>\n<\/span><\/li>\n<\/ul>\n<p><span style=\"font-weight: 400;\">Stillingen er per dags dato honorarbasert. Arbeidet er noe sesongbasert da Feminalen gjennomf\u00f8res i oktober, men det kreves arbeid gjennom hele \u00e5ret. Tiltredelse fortl\u00f8pende.\u00a0\u00a0<\/span><\/p>\n<p><span style=\"font-weight: 400;\">Som festivalsjef har du muligheten til \u00e5 styre i hvilken retning Feminalen skal g\u00e5 de neste \u00e5rene. Vi \u00f8nsker derfor \u00e5 ansette noen som kan tenke visjon\u00e6rt, kreativt og utenfor boksen. Personlige egnethet hos s\u00f8ker vil bli vektlagt i avgj\u00f8relsen om hvem som f\u00e5r stillingen.\u00a0<\/span><\/p>\n<p><span style=\"font-weight: 400;\">Vi oppfordrer kvinner, transpersoner som identifiserer seg som kvinner og personer fra minoritetsgrupper til \u00e5 s\u00f8ke.<\/span><\/p>\n<p><span style=\"font-weight: 400;\">S\u00f8knadsfrist 17. januar.<\/span><\/p>\n<p><span style=\"font-weight: 400;\">S\u00f8knad med CV sendes til <\/span><a href=\"mailto:styrettrondheim@akks.no\"><span style=\"font-weight: 400;\">styrettrondheim@akks.no<\/span><\/a><span style=\"font-weight: 400;\">\u00a0<\/span><\/p>\n<p><span style=\"font-weight: 400;\">Sp\u00f8rsm\u00e5l om stillingen rettes til nestleder i AKKS Trondheim,\u00a0<\/span><\/p>\n<p><span style=\"font-weight: 400;\">Ragni Nerg\u00e5rd, tlf: 97003142, epost: <\/span><a href=\"mailto:styrettrondheim@akks.no\"><span style=\"font-weight: 400;\">styrettrondheim@akks.no<\/span><\/a><\/p>\n","protected":false},"excerpt":{"rendered":"<p>Vi s\u00f8ker festivalsjef til Feminalen!<\/p>\n","protected":false},"author":7,"featured_media":1169,"comment_status":"closed","ping_status":"closed","sticky":false,"template":"","format":"standard","meta":[],"categories":[37,1],"tags":[],"_links":{"self":[{"href":"https:\/\/akks.no\/trondheim\/wp-json\/wp\/v2\/posts\/1166"}],"collection":[{"href":"https:\/\/akks.no\/trondheim\/wp-json\/wp\/v2\/posts"}],"about":[{"href":"https:\/\/akks.no\/trondheim\/wp-json\/wp\/v2\/types\/post"}],"author":[{"embeddable":true,"href":"https:\/\/akks.no\/trondheim\/wp-json\/wp\/v2\/users\/7"}],"replies":[{"embeddable":true,"href":"https:\/\/akks.no\/trondheim\/wp-json\/wp\/v2\/comments?post=1166"}],"version-history":[{"count":5,"href":"https:\/\/akks.no\/trondheim\/wp-json\/wp\/v2\/posts\/1166\/revisions"}],"predecessor-version":[{"id":1172,"href":"https:\/\/akks.no\/trondheim\/wp-json\/wp\/v2\/posts\/1166\/revisions\/1172"}],"wp:featuredmedia":[{"embeddable":true,"href":"https:\/\/akks.no\/trondheim\/wp-json\/wp\/v2\/media\/1169"}],"wp:attachment":[{"href":"https:\/\/akks.no\/trondheim\/wp-json\/wp\/v2\/media?parent=1166"}],"wp:term":[{"taxonomy":"category","embeddable":true,"href":"https:\/\/akks.no\/trondheim\/wp-json\/wp\/v2\/categories?post=1166"},{"taxonomy":"post_tag","embeddable":true,"href":"https:\/\/akks.no\/trondheim\/wp-json\/wp\/v2\/tags?post=1166"}],"curies":[{"name":"wp","href":"https:\/\/api.w.org\/{rel}","templated":true}]}}