{"id":2772,"date":"2025-12-19T11:47:11","date_gmt":"2025-12-19T10:47:11","guid":{"rendered":"\/oslo\/?p=2772"},"modified":"2025-12-19T11:47:11","modified_gmt":"2025-12-19T10:47:11","slug":"bli-med-pa-louder-i-vinterferien-%f0%9f%a4%a9","status":"publish","type":"post","link":"\/oslo\/2025\/12\/19\/bli-med-pa-louder-i-vinterferien-%f0%9f%a4%a9\/","title":{"rendered":"Bli med p\u00e5 LOUDER! i vinterferien? \ud83e\udd29"},"content":{"rendered":"<p>Har du alltid hatt lyst til \u00e5 spille i band, men f\u00f8lt at du ikke veit hvordan man skal starte? Eller kanskje du vil teste et nytt instrument, skrive din f\u00f8rste l\u00e5t, eller bli kjent med flere musikkinteresserte i samme b\u00e5t? \ud83d\ude0a<\/p>\n<p><a href=\"https:\/\/www.jmn.no\/\">JM Norway<\/a> og <a href=\"https:\/\/akks.no\/\">AKKS<\/a> arrangerer <b>LOUDER!<\/b> &#8211; En helt ny bandleir for jenter, trans og ikke-bin\u00e6re mellom <b>18 og 26 \u00e5r,<\/b>\u00a0i Oslo i vinterferien, fra torsdag til s\u00f8ndag, <b>19.-22. februar<\/b>. Leiren foreg\u00e5r p\u00e5 dagtid uten overnatting.<\/p>\n<p><span style=\"font-weight: 400;\">Du trenger ikke kunne noe fra f\u00f8r \u2013 her f\u00e5r du pr\u00f8ve ulike instrumenter, skrive l\u00e5ter, spille i band, jobbe med promo og sceneformidling, spille inn demo og avslutte uka med konsert! Det blir ogs\u00e5 workshops om l\u00e5tskriving, identitet og normer i musikkverdenen. Leiren er \u00e5pen for alle niv\u00e5er, enten du har spilt masse f\u00f8r, aldri har tatt i et instrument f\u00f8r, har v\u00e6rt med p\u00e5 <a href=\"https:\/\/www.loudcamp.com\/\">LOUD!<\/a> tidligere eller bare er nysgjerrig og har lyst til \u00e5 finne noen \u00e5 spille musikk med.<\/span><\/p>\n<p><span style=\"font-weight: 400;\">\ud83d\udc9b <\/span><b>Pris:<\/b><span style=\"font-weight: 400;\"> P\u00e5meldingsavgift er 250 kr + medlemskap i AKKS (50 kr). Det er ogs\u00e5 mulig \u00e5 delta gratis, send oss en e-post f\u00f8r p\u00e5melding om du trenger det.<\/span><\/p>\n<p><span style=\"font-weight: 400;\">\ud83d\udc9b <\/span><b>P\u00e5melding:<\/b><span style=\"font-weight: 400;\"> Vi har 15 plasser til deltakere. Det er delvis basert p\u00e5 et f\u00f8rste-til-m\u00f8lla-prinsipp, men for at alle skal f\u00e5 en s\u00e5 bra opplevelse som mulig vil vi ogs\u00e5 gj\u00f8re utvalget delvis basert p\u00e5 mangfold og erfaring i gruppa.\u00a0<\/span><\/p>\n<p><span style=\"font-weight: 400;\">\ud83d\udc9b <\/span><b>Slik s\u00f8ker du: <\/b><span style=\"font-weight: 400;\">Fyll inn <\/span><a href=\"https:\/\/docs.google.com\/forms\/d\/e\/1FAIpQLSdCzq437ZCg0Dq1bkPCGXcm_j6MqWcUTlVx0bKQegqQH93mdA\/viewform?usp=sharing&amp;ouid=117567247858578331390\"><span style=\"font-weight: 400;\">dette skjemaet<\/span><\/a><span style=\"font-weight: 400;\">. Siste frist for \u00e5 s\u00f8ke er <\/span><b>1. februar<\/b><span style=\"font-weight: 400;\">.<\/span><\/p>\n<p><span style=\"font-weight: 400;\">Trenger du hjelp til \u00e5 s\u00f8ke, har sp\u00f8rsm\u00e5l, eller er usikker p\u00e5 om dette er noe for deg? Ikke n\u00f8l med \u00e5 ta kontakt! Vi vil gjerne h\u00f8re fra deg \ud83c\udf08<\/span><\/p>\n<p><span style=\"font-weight: 400;\">Send en e-post til <\/span><a href=\"mailto:marita.moen@akks.no\"><span style=\"font-weight: 400;\">marita.moen@akks.no<\/span><\/a><span style=\"font-weight: 400;\"> \u2728<\/span><\/p>\n","protected":false},"excerpt":{"rendered":"<p>En bandleir for deg mellom 18 og 26!\ud83d\udca5<\/p>\n","protected":false},"author":8,"featured_media":2773,"comment_status":"closed","ping_status":"closed","sticky":false,"template":"","format":"standard","meta":[],"categories":[33],"tags":[],"_links":{"self":[{"href":"https:\/\/akks.no\/oslo\/wp-json\/wp\/v2\/posts\/2772"}],"collection":[{"href":"https:\/\/akks.no\/oslo\/wp-json\/wp\/v2\/posts"}],"about":[{"href":"https:\/\/akks.no\/oslo\/wp-json\/wp\/v2\/types\/post"}],"author":[{"embeddable":true,"href":"https:\/\/akks.no\/oslo\/wp-json\/wp\/v2\/users\/8"}],"replies":[{"embeddable":true,"href":"https:\/\/akks.no\/oslo\/wp-json\/wp\/v2\/comments?post=2772"}],"version-history":[{"count":1,"href":"https:\/\/akks.no\/oslo\/wp-json\/wp\/v2\/posts\/2772\/revisions"}],"predecessor-version":[{"id":2774,"href":"https:\/\/akks.no\/oslo\/wp-json\/wp\/v2\/posts\/2772\/revisions\/2774"}],"wp:featuredmedia":[{"embeddable":true,"href":"https:\/\/akks.no\/oslo\/wp-json\/wp\/v2\/media\/2773"}],"wp:attachment":[{"href":"https:\/\/akks.no\/oslo\/wp-json\/wp\/v2\/media?parent=2772"}],"wp:term":[{"taxonomy":"category","embeddable":true,"href":"https:\/\/akks.no\/oslo\/wp-json\/wp\/v2\/categories?post=2772"},{"taxonomy":"post_tag","embeddable":true,"href":"https:\/\/akks.no\/oslo\/wp-json\/wp\/v2\/tags?post=2772"}],"curies":[{"name":"wp","href":"https:\/\/api.w.org\/{rel}","templated":true}]}}