{"id":1083,"date":"2019-09-04T15:13:09","date_gmt":"2019-09-04T13:13:09","guid":{"rendered":"http:\/\/akks.no\/oslo\/?p=1083"},"modified":"2019-09-04T15:20:47","modified_gmt":"2019-09-04T13:20:47","slug":"her-er-planene-om-oppussing","status":"publish","type":"post","link":"\/oslo\/2019\/09\/04\/her-er-planene-om-oppussing\/","title":{"rendered":"Her er de nye plantegningene"},"content":{"rendered":"<p>Alle rommene flyttes fra vinduene der taket er lavt og inn mot bakveggen der taket er h\u00f8yt. Da f\u00e5r vi bedre romvolum og lydforholdene blir betraktelig bedre. Lokalene vil ha n\u00f8ktern, men profesjonell standard, jfr. \u00d8vingshotellet, og vi vil bygge etter norsk standard for musikk\u00f8vingsrom og mindre saler (NS 8178). Flere av rommene vil ogs\u00e5 fungere som prosjektstudio og f\u00e5r vokalboks. Som prosjektleder for ombyggingen har vi f\u00e5tt med oss selveste Bj\u00f8rn Boge (prosjektleder \u00d8vingshotellet, Stovner Rockefabrikk, Musikkbingeprosjektet m.m.).<\/p>\n<figure id=\"attachment_1091\" class=\"thumbnail wp-caption alignnone\" style=\"max-width: 720px;\">\n    <img loading=\"lazy\" class=\"wp-image-1091 size-news\" src=\"http:\/\/akks.no\/oslo\/files\/2019\/09\/AKKS-3-etg-bakfra1-utkast-720x480.png\" alt=\"\" width=\"720\" height=\"480\" \/>    <figcaption class=\"caption wp-caption-text\">3D modell av 3. etasje sett fra bakveggen.<\/figcaption>\n<\/figure>\n<figure id=\"attachment_1090\" class=\"thumbnail wp-caption alignnone\" style=\"max-width: 720px;\">\n    <img loading=\"lazy\" class=\"wp-image-1090 size-news\" src=\"http:\/\/akks.no\/oslo\/files\/2019\/09\/AKKS-3-etg-1-fra-front-trommerom-720x480.png\" alt=\"\" width=\"720\" height=\"480\" \/>    <figcaption class=\"caption wp-caption-text\">3D modell av 3. etasje sett fra forsiden og kursrommet.<\/figcaption>\n<\/figure>\n<figure id=\"attachment_1089\" class=\"thumbnail wp-caption alignnone\" style=\"max-width: 720px;\">\n    <img loading=\"lazy\" class=\"wp-image-1089 size-news\" src=\"http:\/\/akks.no\/oslo\/files\/2019\/09\/AKKS-3-etg-1-fra-trommerom--720x480.png\" alt=\"\" width=\"720\" height=\"480\" \/>    <figcaption class=\"caption wp-caption-text\">3D modell av 3. etasje sett fra forsiden og kursrommet.<\/figcaption>\n<\/figure>\n<figure id=\"attachment_1088\" class=\"thumbnail wp-caption alignnone\" style=\"max-width: 720px;\">\n    <img loading=\"lazy\" class=\"wp-image-1088 size-news\" src=\"http:\/\/akks.no\/oslo\/files\/2019\/09\/AKKS-3-etg-1-utkast-720x480.png\" alt=\"\" width=\"720\" height=\"480\" \/>    <figcaption class=\"caption wp-caption-text\">3D modell av 3. etasje sett fra forsiden og trappeoppgangen.<\/figcaption>\n<\/figure>\n<figure id=\"attachment_1087\" class=\"thumbnail wp-caption alignnone\" style=\"max-width: 720px;\">\n    <img loading=\"lazy\" class=\"wp-image-1087 size-news\" src=\"http:\/\/akks.no\/oslo\/files\/2019\/09\/AKKS-3-etg-korridor-sett-fra-trommerom-720x480.png\" alt=\"\" width=\"720\" height=\"480\" \/>    <figcaption class=\"caption wp-caption-text\">Gangen i 3. etasje sett fra kursrommet.<\/figcaption>\n<\/figure>\n<figure id=\"attachment_1086\" class=\"thumbnail wp-caption alignnone\" style=\"max-width: 720px;\">\n    <img loading=\"lazy\" class=\"wp-image-1086 size-news\" src=\"http:\/\/akks.no\/oslo\/files\/2019\/09\/AKKS-3-etg-prosjekt-vokbox-front-720x480.png\" alt=\"\" width=\"720\" height=\"480\" \/>    <figcaption class=\"caption wp-caption-text\">3D modell 3. et: sm\u00e5 \u00f8vingsrom \/ prosjektstudio med delt vokalboks i 3. etasje<\/figcaption>\n<\/figure>\n<figure id=\"attachment_1085\" class=\"thumbnail wp-caption alignnone\" style=\"max-width: 720px;\">\n    <img loading=\"lazy\" class=\"wp-image-1085 size-news\" src=\"http:\/\/akks.no\/oslo\/files\/2019\/09\/AKKS-3-etg-prosjekt-vokbox-r\u00f8mning-720x480.png\" alt=\"\" width=\"720\" height=\"480\" \/>    <figcaption class=\"caption wp-caption-text\">3D modell av 3. etasje: to sm\u00e5 \u00f8vingsrom \/ to prosjektstudio sett ovenfra, samt n\u00f8dutgang trapp ned til 2. et nederst i bildet. Her ser vi vokalboksen som kan brukes sammen med ett eller begge rommene. Begge rom inkludert vokalboks kan for eksempel brukes til innspilling og musikkproduksjon.<\/figcaption>\n<\/figure>\n<figure id=\"attachment_1096\" class=\"thumbnail wp-caption alignnone\" style=\"max-width: 720px;\">\n    <img loading=\"lazy\" class=\"wp-image-1096 size-news\" src=\"http:\/\/akks.no\/oslo\/files\/2019\/09\/AKKS-2-etg-mot-yttervegg-720x480.png\" alt=\"\" width=\"720\" height=\"480\" \/>    <figcaption class=\"caption wp-caption-text\">Her ser vi 3D-modell av det som i dag er preprod i 2. etasje. Her kommer en resepsjon, to \u00f8vingsrom og en vokalboks. Vindu mellom rommene.<\/figcaption>\n<\/figure>\n<figure id=\"attachment_1097\" class=\"thumbnail wp-caption alignnone\" style=\"max-width: 720px;\">\n    <img loading=\"lazy\" class=\"wp-image-1097 size-news\" src=\"http:\/\/akks.no\/oslo\/files\/2019\/09\/AKKS-2-etg-fra-trapperom-720x480.png\" alt=\"\" width=\"720\" height=\"480\" \/>    <figcaption class=\"caption wp-caption-text\">3D-modell av 2. etasje sett fra trappeoppgangen, samt gang innover mot ny preprod \/ scene.<\/figcaption>\n<\/figure>\n","protected":false},"excerpt":{"rendered":"<p>Vi g\u00e5r fra fire til \u00e5tte kurs- og \u00f8vingsrom og fra preprod til egen scene!\u00a0Her er 3D modellene som viser hvordan vi har tenkt oss at de nye kurs- og \u00f8vingslokalene i 3. etasje skal bli.<\/p>\n","protected":false},"author":4,"featured_media":1085,"comment_status":"closed","ping_status":"closed","sticky":false,"template":"","format":"standard","meta":[],"categories":[50,1],"tags":[],"_links":{"self":[{"href":"https:\/\/akks.no\/oslo\/wp-json\/wp\/v2\/posts\/1083"}],"collection":[{"href":"https:\/\/akks.no\/oslo\/wp-json\/wp\/v2\/posts"}],"about":[{"href":"https:\/\/akks.no\/oslo\/wp-json\/wp\/v2\/types\/post"}],"author":[{"embeddable":true,"href":"https:\/\/akks.no\/oslo\/wp-json\/wp\/v2\/users\/4"}],"replies":[{"embeddable":true,"href":"https:\/\/akks.no\/oslo\/wp-json\/wp\/v2\/comments?post=1083"}],"version-history":[{"count":10,"href":"https:\/\/akks.no\/oslo\/wp-json\/wp\/v2\/posts\/1083\/revisions"}],"predecessor-version":[{"id":1104,"href":"https:\/\/akks.no\/oslo\/wp-json\/wp\/v2\/posts\/1083\/revisions\/1104"}],"wp:featuredmedia":[{"embeddable":true,"href":"https:\/\/akks.no\/oslo\/wp-json\/wp\/v2\/media\/1085"}],"wp:attachment":[{"href":"https:\/\/akks.no\/oslo\/wp-json\/wp\/v2\/media?parent=1083"}],"wp:term":[{"taxonomy":"category","embeddable":true,"href":"https:\/\/akks.no\/oslo\/wp-json\/wp\/v2\/categories?post=1083"},{"taxonomy":"post_tag","embeddable":true,"href":"https:\/\/akks.no\/oslo\/wp-json\/wp\/v2\/tags?post=1083"}],"curies":[{"name":"wp","href":"https:\/\/api.w.org\/{rel}","templated":true}]}}