{"id":1054,"date":"2019-09-04T10:35:30","date_gmt":"2019-09-04T08:35:30","guid":{"rendered":"http:\/\/akks.no\/oslo\/?p=1054"},"modified":"2019-09-04T13:37:26","modified_gmt":"2019-09-04T11:37:26","slug":"sommer-2019","status":"publish","type":"post","link":"\/oslo\/2019\/09\/04\/sommer-2019\/","title":{"rendered":"Hva skjedde i sommer?"},"content":{"rendered":"<p>I sommer har vi hatt loppemarked, kastet ubrukelig utstyr, pakket ned og shippet av g\u00e5rde tingene v\u00e5re til containerlager, revet noen vegger og tak i det nye rommet v\u00e5rt i 2. etg og fortsatt holder vi p\u00e5 \u00e5 avdekke skjulte hemmeligheter i konstruksjonene. Vi har for eksempel m\u00f8tt p\u00e5 ganske spennende stubbloftsleire som st\u00f8vet over alt til b\u00e5de v\u00e5r og stakkars Bl\u00e5 sin uteservering sin fortvilelse. Aj aj. Vi holdt for sikkerhets skyld igjen med arbeider i 3. etg, og etter et hyggelig gjensyn med containeren v\u00e5r og hjemhenting av musikkustyr \u00e5pnet vi 3. etasje for kurs og \u00f8vingsbooking i bittelitt triveligere &#8211; men langt fra ferdig oppusset &#8211; stand den 2. september. Vi sees snart!<\/p>\n<figure id=\"attachment_1050\" class=\"thumbnail wp-caption alignnone\" style=\"max-width: 640px;\">\n    <img loading=\"lazy\" class=\"wp-image-1050 size-full\" src=\"http:\/\/akks.no\/oslo\/files\/2019\/09\/IMG_1820.jpeg\" alt=\"\" width=\"640\" height=\"480\" srcset=\"https:\/\/akks.no\/oslo\/files\/2019\/09\/IMG_1820.jpeg 640w, https:\/\/akks.no\/oslo\/files\/2019\/09\/IMG_1820-300x225.jpeg 300w, https:\/\/akks.no\/oslo\/files\/2019\/09\/IMG_1820-600x450.jpeg 600w\" sizes=\"(max-width: 640px) 100vw, 640px\" \/>    <figcaption class=\"caption wp-caption-text\">Det rigges til musikkloppemarked i det nye rommet p\u00e5 AKKS.<\/figcaption>\n<\/figure>\n<figure id=\"attachment_1056\" class=\"thumbnail wp-caption alignnone\" style=\"max-width: 720px;\">\n    <img loading=\"lazy\" class=\"wp-image-1056 size-news\" src=\"http:\/\/akks.no\/oslo\/files\/2019\/09\/WKHR0014-720x480.jpeg\" alt=\"\" width=\"720\" height=\"480\" \/>    <figcaption class=\"caption wp-caption-text\">De to tetris-mesterne som fikk plass til alt i containeren! Som bonus s\u00f8rget Aria for at de fikk h\u00e5ndhilse p\u00e5 vokalisten i Plumbo som tilfeldigvis gikk forbi. God stemning.<\/figcaption>\n<\/figure>\n<figure id=\"attachment_1057\" class=\"thumbnail wp-caption alignnone\" style=\"max-width: 720px;\">\n    <img loading=\"lazy\" class=\"wp-image-1057 size-news\" src=\"http:\/\/akks.no\/oslo\/files\/2019\/09\/IMG_1898-720x480.jpeg\" alt=\"\" width=\"720\" height=\"480\" \/>    <figcaption class=\"caption wp-caption-text\">Trommeeskene m\u00e5 g\u00e5.<\/figcaption>\n<\/figure>\n<figure id=\"attachment_1055\" class=\"thumbnail wp-caption alignnone\" style=\"max-width: 524px;\">\n    <img loading=\"lazy\" class=\"wp-image-1055 \" src=\"http:\/\/akks.no\/oslo\/files\/2019\/09\/IMG_1915.jpeg\" alt=\"\" width=\"524\" height=\"699\" srcset=\"https:\/\/akks.no\/oslo\/files\/2019\/09\/IMG_1915.jpeg 480w, https:\/\/akks.no\/oslo\/files\/2019\/09\/IMG_1915-225x300.jpeg 225w\" sizes=\"(max-width: 524px) 100vw, 524px\" \/>    <figcaption class=\"caption wp-caption-text\">Haley og Solvor og containeren v\u00e5r! Vi kj\u00f8rte hele veien til R\u00f8yken med lang varebil og fikk se innsiden av containerlageret. Containeren ble heist ned fra plassen sin og vi fikk med oss mye bra utstyr tilbake igjen.<\/figcaption>\n<\/figure>\n<figure id=\"attachment_1058\" class=\"thumbnail wp-caption alignnone\" style=\"max-width: 720px;\">\n    <img loading=\"lazy\" class=\"wp-image-1058 size-news\" src=\"http:\/\/akks.no\/oslo\/files\/2019\/09\/Sal-revet-2-720x480.png\" alt=\"\" width=\"720\" height=\"480\" \/>    <figcaption class=\"caption wp-caption-text\">Her er det nye rommet v\u00e5rt! Ok, det ser ganske vilt ut n\u00e5, men det blir veldig fint! I disse 100 m2 innenfor Preprod planlegger vi nemlig v\u00e5r egen lille kulturscene. I sommer rev vi tak og vegger for \u00e5 se hva vi har med \u00e5 gj\u00f8re her. Blant annet fant vi ekstra takh\u00f8yde og et lite innbygget vindu i nordveggen! Det var stas. Og stubbloftsleire da. Det ble mye st\u00f8v og var ikke s\u00e5 stas.<\/figcaption>\n<\/figure>\n<figure id=\"attachment_1061\" class=\"thumbnail wp-caption alignnone\" style=\"max-width: 720px;\">\n    <img loading=\"lazy\" class=\"wp-image-1061 size-news\" src=\"http:\/\/akks.no\/oslo\/files\/2019\/09\/IMG_1919-720x480.jpg\" alt=\"\" width=\"720\" height=\"480\" \/>    <figcaption class=\"caption wp-caption-text\">Gammel h\u00e5ndmalt tapetbit var skjult inni veggen i det nye rommet.<\/figcaption>\n<\/figure>\n","protected":false},"excerpt":{"rendered":"<p>De oppmerksomme har f\u00e5tt med seg at vi hadde tenkt \u00e5 pusse opp kurs- og \u00f8vingslokalene v\u00e5re n\u00e5 i sommer. Det gikk ikke helt etter planen, gitt. Vi fikk ikke inn resten av de midlene som vi trengte for \u00e5 sette i gang ordentlig, s\u00e5 da har vi heller ikke kommet s\u00e5 langt som vi ville.<\/p>\n","protected":false},"author":4,"featured_media":1064,"comment_status":"closed","ping_status":"closed","sticky":false,"template":"","format":"standard","meta":[],"categories":[33,50],"tags":[],"_links":{"self":[{"href":"https:\/\/akks.no\/oslo\/wp-json\/wp\/v2\/posts\/1054"}],"collection":[{"href":"https:\/\/akks.no\/oslo\/wp-json\/wp\/v2\/posts"}],"about":[{"href":"https:\/\/akks.no\/oslo\/wp-json\/wp\/v2\/types\/post"}],"author":[{"embeddable":true,"href":"https:\/\/akks.no\/oslo\/wp-json\/wp\/v2\/users\/4"}],"replies":[{"embeddable":true,"href":"https:\/\/akks.no\/oslo\/wp-json\/wp\/v2\/comments?post=1054"}],"version-history":[{"count":10,"href":"https:\/\/akks.no\/oslo\/wp-json\/wp\/v2\/posts\/1054\/revisions"}],"predecessor-version":[{"id":1074,"href":"https:\/\/akks.no\/oslo\/wp-json\/wp\/v2\/posts\/1054\/revisions\/1074"}],"wp:featuredmedia":[{"embeddable":true,"href":"https:\/\/akks.no\/oslo\/wp-json\/wp\/v2\/media\/1064"}],"wp:attachment":[{"href":"https:\/\/akks.no\/oslo\/wp-json\/wp\/v2\/media?parent=1054"}],"wp:term":[{"taxonomy":"category","embeddable":true,"href":"https:\/\/akks.no\/oslo\/wp-json\/wp\/v2\/categories?post=1054"},{"taxonomy":"post_tag","embeddable":true,"href":"https:\/\/akks.no\/oslo\/wp-json\/wp\/v2\/tags?post=1054"}],"curies":[{"name":"wp","href":"https:\/\/api.w.org\/{rel}","templated":true}]}}