{"id":358,"date":"2024-08-20T13:53:50","date_gmt":"2024-08-20T11:53:50","guid":{"rendered":"\/nord\/?p=358"},"modified":"2024-08-20T14:22:14","modified_gmt":"2024-08-20T12:22:14","slug":"ny-daglig-leder-i-akks-nord","status":"publish","type":"post","link":"\/nord\/2024\/08\/20\/ny-daglig-leder-i-akks-nord\/","title":{"rendered":"Ny daglig leder i AKKS Nord!"},"content":{"rendered":"<div class=\"xdj266r x11i5rnm xat24cr x1mh8g0r x1vvkbs x126k92a\">\n<div dir=\"auto\"><img loading=\"lazy\" class=\" wp-image-359 aligncenter\" src=\"http:\/\/akks.no\/nord\/files\/2024\/08\/20220226MSP_2565-240x300.jpg\" alt=\"\" width=\"306\" height=\"383\" srcset=\"https:\/\/akks.no\/nord\/files\/2024\/08\/20220226MSP_2565-240x300.jpg 240w, https:\/\/akks.no\/nord\/files\/2024\/08\/20220226MSP_2565-819x1024.jpg 819w, https:\/\/akks.no\/nord\/files\/2024\/08\/20220226MSP_2565-768x960.jpg 768w, https:\/\/akks.no\/nord\/files\/2024\/08\/20220226MSP_2565-1229x1536.jpg 1229w, https:\/\/akks.no\/nord\/files\/2024\/08\/20220226MSP_2565-1638x2048.jpg 1638w, https:\/\/akks.no\/nord\/files\/2024\/08\/20220226MSP_2565-600x750.jpg 600w, https:\/\/akks.no\/nord\/files\/2024\/08\/20220226MSP_2565-scaled.jpg 2048w\" sizes=\"(max-width: 306px) 100vw, 306px\" \/><\/div>\n<div dir=\"auto\"><\/div>\n<div dir=\"auto\"><span class=\"html-span xexx8yu x4uap5 x18d9i69 xkhd6sd x1hl2dhg x16tdsg8 x1vvkbs x3nfvp2 x1j61x8r x1fcty0u xdj266r xat24cr xgzva0m xhhsvwb xxymvpz xlup9mm x1kky2od\">Velkommen til superdyktige Viktoria Eriksen! <\/span><\/div>\n<div dir=\"auto\"><span class=\"html-span xexx8yu x4uap5 x18d9i69 xkhd6sd x1hl2dhg x16tdsg8 x1vvkbs x3nfvp2 x1j61x8r x1fcty0u xdj266r xat24cr xgzva0m xhhsvwb xxymvpz xlup9mm x1kky2od\">Viktoria holder til i Finnmark, har v\u00e6rt nestleder i styret i AKKS Nord i noen \u00e5r og har god kjennskap til AKKS sitt arbeid. I tillegg jobber hun som daglig leder i Finnmark Musikkr\u00e5d og er artistmanager for Sandra Lyng og Eirik Lyng.<br \/>\n<\/span><\/div>\n<\/div>\n<div class=\"x11i5rnm xat24cr x1mh8g0r x1vvkbs xtlvy1s x126k92a\">\n<div dir=\"auto\"><\/div>\n<div dir=\"auto\">Vi gleder oss over at Viktoria skal styre skuta videre.<\/div>\n<\/div>\n","protected":false},"excerpt":{"rendered":"<p>Vi har f\u00e5tt ny daglig leder! &lt;3<\/p>\n","protected":false},"author":14,"featured_media":369,"comment_status":"open","ping_status":"open","sticky":false,"template":"","format":"standard","meta":[],"categories":[25],"tags":[],"_links":{"self":[{"href":"https:\/\/akks.no\/nord\/wp-json\/wp\/v2\/posts\/358"}],"collection":[{"href":"https:\/\/akks.no\/nord\/wp-json\/wp\/v2\/posts"}],"about":[{"href":"https:\/\/akks.no\/nord\/wp-json\/wp\/v2\/types\/post"}],"author":[{"embeddable":true,"href":"https:\/\/akks.no\/nord\/wp-json\/wp\/v2\/users\/14"}],"replies":[{"embeddable":true,"href":"https:\/\/akks.no\/nord\/wp-json\/wp\/v2\/comments?post=358"}],"version-history":[{"count":8,"href":"https:\/\/akks.no\/nord\/wp-json\/wp\/v2\/posts\/358\/revisions"}],"predecessor-version":[{"id":370,"href":"https:\/\/akks.no\/nord\/wp-json\/wp\/v2\/posts\/358\/revisions\/370"}],"wp:featuredmedia":[{"embeddable":true,"href":"https:\/\/akks.no\/nord\/wp-json\/wp\/v2\/media\/369"}],"wp:attachment":[{"href":"https:\/\/akks.no\/nord\/wp-json\/wp\/v2\/media?parent=358"}],"wp:term":[{"taxonomy":"category","embeddable":true,"href":"https:\/\/akks.no\/nord\/wp-json\/wp\/v2\/categories?post=358"},{"taxonomy":"post_tag","embeddable":true,"href":"https:\/\/akks.no\/nord\/wp-json\/wp\/v2\/tags?post=358"}],"curies":[{"name":"wp","href":"https:\/\/api.w.org\/{rel}","templated":true}]}}