{"id":6049,"date":"2023-05-24T12:16:50","date_gmt":"2023-05-24T10:16:50","guid":{"rendered":"\/bergen\/?p=6049"},"modified":"2023-05-24T15:10:54","modified_gmt":"2023-05-24T13:10:54","slug":"eggstockfestivalen-2023","status":"publish","type":"post","link":"\/bergen\/2023\/05\/24\/eggstockfestivalen-2023\/","title":{"rendered":"Eggstockfestivalen 2023"},"content":{"rendered":"<p>Festivalen g\u00e5r i \u00e5r av stabelen 31. mai \u2013 2. juni i Teglverket p\u00e5 Kvarteret. Det er 20 fantastiske artister p\u00e5 \u00e5rets scene, og de er som f\u00f8lger:<\/p>\n<p>Teo \/ Astraea \/ Havsus \/ Jeki \/ Eline Roa \/ Thor Macab \/ Slaughterhead \/ Maih \/ Elend \/ Phase Machine \/ T\u00e5pelig \/ Mey \/ Lyddyr \/ Uten Samtykke \/ North Wei \/ Theodor Opstvedt \/ Sparkesykkel \/ Astronautist \/ Embla \/ Hoax<\/p>\n<p>Du finner mer informasjon om artistene p\u00e5 Eggstock sin <a href=\"http:\/\/facebook.com\/eggstockfestivalen\">Facebook<\/a> og <a href=\"http:\/\/instagram.com\/eggstockfestivalen\">Instagram<\/a>!<\/p>\n<p>Vi anbefaler selvf\u00f8lgelig alle \u00e5 ta turen innom festivalen for \u00e5 oppdage den neste b\u00f8lgen med artister som skal sette sitt preg p\u00e5 musikkscenen de kommende \u00e5rene! P\u00e5 Eggstock f\u00e5r du muligheten til \u00e5 oppdage artister f\u00f8r de fleste andre.<\/p>\n<h3>Fri alder<\/h3>\n<p>Festivalen har fri alder, s\u00e5 her kommer ogs\u00e5 ungdom under 18 \u00e5r inn uten verge. Billettprisene er lave og ledsager g\u00e5r gratis.<\/p>\n<h3><a href=\"https:\/\/www.facebook.com\/events\/591968622907937?locale=ms_MY\">Kj\u00f8p billetter her!<\/a><\/h3>\n<h4><img loading=\"lazy\" class=\"alignnone size-large wp-image-6050\" src=\"http:\/\/akks.no\/bergen\/files\/2023\/05\/Foto-Ida-Fiskaa-Live-Rear-View-1024x683.jpeg\" alt=\"\" width=\"1024\" height=\"683\" srcset=\"https:\/\/akks.no\/bergen\/files\/2023\/05\/Foto-Ida-Fiskaa-Live-Rear-View-1024x683.jpeg 1024w, https:\/\/akks.no\/bergen\/files\/2023\/05\/Foto-Ida-Fiskaa-Live-Rear-View-300x200.jpeg 300w, https:\/\/akks.no\/bergen\/files\/2023\/05\/Foto-Ida-Fiskaa-Live-Rear-View-768x512.jpeg 768w, https:\/\/akks.no\/bergen\/files\/2023\/05\/Foto-Ida-Fiskaa-Live-Rear-View-1536x1024.jpeg 1536w, https:\/\/akks.no\/bergen\/files\/2023\/05\/Foto-Ida-Fiskaa-Live-Rear-View-2048x1366.jpeg 2048w, https:\/\/akks.no\/bergen\/files\/2023\/05\/Foto-Ida-Fiskaa-Live-Rear-View-720x480.jpeg 720w, https:\/\/akks.no\/bergen\/files\/2023\/05\/Foto-Ida-Fiskaa-Live-Rear-View-600x400.jpeg 600w\" sizes=\"(max-width: 1024px) 100vw, 1024px\" \/><\/h4>\n<h3>Gjesteartist: Moyka<\/h3>\n<p>Hvert \u00e5r booker vi inn en gjesteartist som skal spille p\u00e5 fredagen mens juryen bestemmer hvem som vinner Eggstockfestivalen. I \u00e5r har vi booket Moyka!<\/p>\n<p><em>Foto: Ida Fiskaa<\/em><\/p>\n<h3>Konferansier: Michelle Ullestad<\/h3>\n<p>\u00c5rets konferansier for festivalen er vinner av Eggstockfestivalen 2021 og \u00c5rets Ur\u00f8rt 2022, Michelle Ullestad.<\/p>\n<p><img loading=\"lazy\" class=\"alignnone size-large wp-image-6051\" src=\"http:\/\/akks.no\/bergen\/files\/2023\/05\/Michelle-Ullestad-1024x1024.jpeg\" alt=\"\" width=\"1024\" height=\"1024\" srcset=\"https:\/\/akks.no\/bergen\/files\/2023\/05\/Michelle-Ullestad-1024x1024.jpeg 1024w, https:\/\/akks.no\/bergen\/files\/2023\/05\/Michelle-Ullestad-300x300.jpeg 300w, https:\/\/akks.no\/bergen\/files\/2023\/05\/Michelle-Ullestad-150x150.jpeg 150w, https:\/\/akks.no\/bergen\/files\/2023\/05\/Michelle-Ullestad-768x768.jpeg 768w, https:\/\/akks.no\/bergen\/files\/2023\/05\/Michelle-Ullestad-600x600.jpeg 600w, https:\/\/akks.no\/bergen\/files\/2023\/05\/Michelle-Ullestad-100x100.jpeg 100w, https:\/\/akks.no\/bergen\/files\/2023\/05\/Michelle-Ullestad.jpeg 1080w\" sizes=\"(max-width: 1024px) 100vw, 1024px\" \/><\/p>\n<h3>Vil du v\u00e6re frivillig p\u00e5 Eggstockfestivalen?<\/h3>\n<p>Eggstockfestivalen trenger flere frivillige! \u00d8nsker du \u00e5 bidra til Vestlandets beste festival for up-and-coming artister? Meld deg p\u00e5 som frivillig! Hos Eggstock er alder ingen hindring, og vi er ogs\u00e5 \u00e5pen for ungdom under 18 \u00e5r.<\/p>\n<p>Hos oss f\u00e5r du festivalpass, t-skjorte, god erfaring fra musikkbransjen og festivalavviklingen, fantastiske konsertopplevelser, nye venner og gratis inngang p\u00e5 Eggstock Etterfest i august.<\/p>\n<p>Vi har en rekke oppgaver du kan gj\u00f8re: billettsalg, vertskap, vakthold, ordensvakter, trivselsvakter \u00a0og mye mer! Er det noe spesifikt du \u00f8nsker \u00e5 bidra med kan dette spesifiseres i s\u00f8knadsskjemaet. Festivalen benytter seg av et rulleringssystem som gj\u00f8r at man f\u00e5r v\u00e6re innom mange ulike oppgaver, dersom man ikke har noen \u00f8nsker. Man jobber minst to dager.<\/p>\n<p>H\u00f8res det g\u00f8y ut? Les mer og <a href=\"https:\/\/www.eggstock.no\/frivilligpamelding\">meld deg p\u00e5 her<\/a>, og bli med p\u00e5 <a href=\"https:\/\/www.facebook.com\/events\/643449364475258\">frivillig kick-off onsdag 24. mai<\/a>.<\/p>\n<p><img loading=\"lazy\" class=\"alignnone size-large wp-image-6052\" src=\"http:\/\/akks.no\/bergen\/files\/2023\/05\/52119879745_e12cc57160_k-1024x683.jpg\" alt=\"\" width=\"1024\" height=\"683\" srcset=\"https:\/\/akks.no\/bergen\/files\/2023\/05\/52119879745_e12cc57160_k-1024x683.jpg 1024w, https:\/\/akks.no\/bergen\/files\/2023\/05\/52119879745_e12cc57160_k-300x200.jpg 300w, https:\/\/akks.no\/bergen\/files\/2023\/05\/52119879745_e12cc57160_k-768x512.jpg 768w, https:\/\/akks.no\/bergen\/files\/2023\/05\/52119879745_e12cc57160_k-1536x1024.jpg 1536w, https:\/\/akks.no\/bergen\/files\/2023\/05\/52119879745_e12cc57160_k-720x480.jpg 720w, https:\/\/akks.no\/bergen\/files\/2023\/05\/52119879745_e12cc57160_k-600x400.jpg 600w, https:\/\/akks.no\/bergen\/files\/2023\/05\/52119879745_e12cc57160_k.jpg 2048w\" sizes=\"(max-width: 1024px) 100vw, 1024px\" \/><\/p>\n<h3>H\u00e5per at vi sees p\u00e5 Eggstockfestivalen 2023!<\/h3>\n<p>&nbsp;<\/p>\n","protected":false},"excerpt":{"rendered":"<p>AKKS Bergen er stolt arrang\u00f8r av Eggstockfestivalen, og neste uke g\u00e5r festivalen av stabelen!<\/p>\n","protected":false},"author":5,"featured_media":5519,"comment_status":"closed","ping_status":"closed","sticky":false,"template":"","format":"standard","meta":[],"categories":[1,65],"tags":[152],"_links":{"self":[{"href":"https:\/\/akks.no\/bergen\/wp-json\/wp\/v2\/posts\/6049"}],"collection":[{"href":"https:\/\/akks.no\/bergen\/wp-json\/wp\/v2\/posts"}],"about":[{"href":"https:\/\/akks.no\/bergen\/wp-json\/wp\/v2\/types\/post"}],"author":[{"embeddable":true,"href":"https:\/\/akks.no\/bergen\/wp-json\/wp\/v2\/users\/5"}],"replies":[{"embeddable":true,"href":"https:\/\/akks.no\/bergen\/wp-json\/wp\/v2\/comments?post=6049"}],"version-history":[{"count":11,"href":"https:\/\/akks.no\/bergen\/wp-json\/wp\/v2\/posts\/6049\/revisions"}],"predecessor-version":[{"id":6064,"href":"https:\/\/akks.no\/bergen\/wp-json\/wp\/v2\/posts\/6049\/revisions\/6064"}],"wp:featuredmedia":[{"embeddable":true,"href":"https:\/\/akks.no\/bergen\/wp-json\/wp\/v2\/media\/5519"}],"wp:attachment":[{"href":"https:\/\/akks.no\/bergen\/wp-json\/wp\/v2\/media?parent=6049"}],"wp:term":[{"taxonomy":"category","embeddable":true,"href":"https:\/\/akks.no\/bergen\/wp-json\/wp\/v2\/categories?post=6049"},{"taxonomy":"post_tag","embeddable":true,"href":"https:\/\/akks.no\/bergen\/wp-json\/wp\/v2\/tags?post=6049"}],"curies":[{"name":"wp","href":"https:\/\/api.w.org\/{rel}","templated":true}]}}