{"id":4913,"date":"2022-06-30T06:00:19","date_gmt":"2022-06-30T04:00:19","guid":{"rendered":"\/bergen\/?p=4913"},"modified":"2022-06-30T10:38:32","modified_gmt":"2022-06-30T08:38:32","slug":"bilder-fra-eggstockfestival-2022","status":"publish","type":"post","link":"\/bergen\/2022\/06\/30\/bilder-fra-eggstockfestival-2022\/","title":{"rendered":"Bilder fra Eggstockfestivalen 2022"},"content":{"rendered":"<h4>Eggstock 2022<\/h4>\n<p>Hipp hurra for vel overst\u00e5tt Eggstock! Vi kunne ikke v\u00e6rt mer forn\u00f8yde med verken artister, publikum eller frivillige. Niv\u00e5et p\u00e5 \u00e5rets artister var skyh\u00f8yt, og vi i AKKS Bergen er s\u00e5 stolte over \u00e5 kunne gi en s\u00e5 talentfull gjeng en scene for \u00e5 vise alt de er gode for. For det er mye! Vi tviler ikke p\u00e5 at vi kommer til \u00e5 se masse til artistene som spilte under \u00e5rets festival i fremtiden.<\/p>\n<p><span style=\"text-decoration: underline;\">Dette ble resultatet fra Eggstock 2022:<\/span><\/p>\n<ul>\n<li>1. plass: Vepsestikk<\/li>\n<li>2. plass: Pachinko<\/li>\n<li>3. plass: Twisted Days<\/li>\n<li>Vill Vill Vest-prisen: Vepsestikk<\/li>\n<li>Publikumsprisen: Twisted Days<\/li>\n<li>Yngste artist: Sebastian Helles\u00f8y (14 \u00e5r)<\/li>\n<\/ul>\n<p>&nbsp;<\/p>\n<hr \/>\n<h4><\/h4>\n<h4>Se bilder fra festivalen her<\/h4>\n<figure id=\"attachment_4915\" class=\"thumbnail wp-caption alignnone\" style=\"max-width: 1024px;\">\n    <img loading=\"lazy\" class=\"wp-image-4915 size-large\" src=\"http:\/\/akks.no\/bergen\/files\/2022\/06\/Kristoffer_Oen-1-Hedda-Dalen-DEF_4122-print-1024x731.jpg\" alt=\"Hedda Dalen. Foto: Kristoffer \u00d8en\" width=\"1024\" height=\"731\" srcset=\"https:\/\/akks.no\/bergen\/files\/2022\/06\/Kristoffer_Oen-1-Hedda-Dalen-DEF_4122-print-1024x731.jpg 1024w, https:\/\/akks.no\/bergen\/files\/2022\/06\/Kristoffer_Oen-1-Hedda-Dalen-DEF_4122-print-300x214.jpg 300w, https:\/\/akks.no\/bergen\/files\/2022\/06\/Kristoffer_Oen-1-Hedda-Dalen-DEF_4122-print-768x549.jpg 768w, https:\/\/akks.no\/bergen\/files\/2022\/06\/Kristoffer_Oen-1-Hedda-Dalen-DEF_4122-print-1536x1097.jpg 1536w, https:\/\/akks.no\/bergen\/files\/2022\/06\/Kristoffer_Oen-1-Hedda-Dalen-DEF_4122-print-2048x1463.jpg 2048w, https:\/\/akks.no\/bergen\/files\/2022\/06\/Kristoffer_Oen-1-Hedda-Dalen-DEF_4122-print-600x429.jpg 600w\" sizes=\"(max-width: 1024px) 100vw, 1024px\" \/>    <figcaption class=\"caption wp-caption-text\">Hedda Dalen. Foto: Kristoffer \u00d8en<\/figcaption>\n<\/figure>\n<figure id=\"attachment_4916\" class=\"thumbnail wp-caption alignnone\" style=\"max-width: 684px;\">\n    <img loading=\"lazy\" class=\"wp-image-4916 size-large\" src=\"http:\/\/akks.no\/bergen\/files\/2022\/06\/Kristoffer_Oen-1-Vepsestikk-D3F_8408-print-684x1024.jpg\" alt=\"\" width=\"684\" height=\"1024\" srcset=\"https:\/\/akks.no\/bergen\/files\/2022\/06\/Kristoffer_Oen-1-Vepsestikk-D3F_8408-print-684x1024.jpg 684w, https:\/\/akks.no\/bergen\/files\/2022\/06\/Kristoffer_Oen-1-Vepsestikk-D3F_8408-print-200x300.jpg 200w, https:\/\/akks.no\/bergen\/files\/2022\/06\/Kristoffer_Oen-1-Vepsestikk-D3F_8408-print-768x1150.jpg 768w, https:\/\/akks.no\/bergen\/files\/2022\/06\/Kristoffer_Oen-1-Vepsestikk-D3F_8408-print-1025x1536.jpg 1025w, https:\/\/akks.no\/bergen\/files\/2022\/06\/Kristoffer_Oen-1-Vepsestikk-D3F_8408-print-1367x2048.jpg 1367w, https:\/\/akks.no\/bergen\/files\/2022\/06\/Kristoffer_Oen-1-Vepsestikk-D3F_8408-print-600x899.jpg 600w, https:\/\/akks.no\/bergen\/files\/2022\/06\/Kristoffer_Oen-1-Vepsestikk-D3F_8408-print-scaled.jpg 1709w\" sizes=\"(max-width: 684px) 100vw, 684px\" \/>    <figcaption class=\"caption wp-caption-text\">Vepsestikk (Vant 1. plass). Foto: Kristoffer \u00d8en<\/figcaption>\n<\/figure>\n<figure id=\"attachment_4918\" class=\"thumbnail wp-caption alignnone\" style=\"max-width: 1024px;\">\n    <img loading=\"lazy\" class=\"wp-image-4918 size-large\" src=\"http:\/\/akks.no\/bergen\/files\/2022\/06\/Kristoffer_Oen-2-Mathias-Trekk-Audiotene-D3F_8664-print-1024x731.jpg\" alt=\"\" width=\"1024\" height=\"731\" srcset=\"https:\/\/akks.no\/bergen\/files\/2022\/06\/Kristoffer_Oen-2-Mathias-Trekk-Audiotene-D3F_8664-print-1024x731.jpg 1024w, https:\/\/akks.no\/bergen\/files\/2022\/06\/Kristoffer_Oen-2-Mathias-Trekk-Audiotene-D3F_8664-print-300x214.jpg 300w, https:\/\/akks.no\/bergen\/files\/2022\/06\/Kristoffer_Oen-2-Mathias-Trekk-Audiotene-D3F_8664-print-768x549.jpg 768w, https:\/\/akks.no\/bergen\/files\/2022\/06\/Kristoffer_Oen-2-Mathias-Trekk-Audiotene-D3F_8664-print-1536x1097.jpg 1536w, https:\/\/akks.no\/bergen\/files\/2022\/06\/Kristoffer_Oen-2-Mathias-Trekk-Audiotene-D3F_8664-print-2048x1463.jpg 2048w, https:\/\/akks.no\/bergen\/files\/2022\/06\/Kristoffer_Oen-2-Mathias-Trekk-Audiotene-D3F_8664-print-600x429.jpg 600w\" sizes=\"(max-width: 1024px) 100vw, 1024px\" \/>    <figcaption class=\"caption wp-caption-text\">Mathias Trekk &amp; Audiotene. Foto: Kristoffer \u00d8en<\/figcaption>\n<\/figure>\n<figure id=\"attachment_4919\" class=\"thumbnail wp-caption alignnone\" style=\"max-width: 1024px;\">\n    <img loading=\"lazy\" class=\"wp-image-4919 size-large\" src=\"http:\/\/akks.no\/bergen\/files\/2022\/06\/Kristoffer_Oen-2-Takstein-D3F_9997-print-1024x640.jpg\" alt=\"\" width=\"1024\" height=\"640\" srcset=\"https:\/\/akks.no\/bergen\/files\/2022\/06\/Kristoffer_Oen-2-Takstein-D3F_9997-print-1024x640.jpg 1024w, https:\/\/akks.no\/bergen\/files\/2022\/06\/Kristoffer_Oen-2-Takstein-D3F_9997-print-300x188.jpg 300w, https:\/\/akks.no\/bergen\/files\/2022\/06\/Kristoffer_Oen-2-Takstein-D3F_9997-print-768x480.jpg 768w, https:\/\/akks.no\/bergen\/files\/2022\/06\/Kristoffer_Oen-2-Takstein-D3F_9997-print-1536x960.jpg 1536w, https:\/\/akks.no\/bergen\/files\/2022\/06\/Kristoffer_Oen-2-Takstein-D3F_9997-print-2048x1280.jpg 2048w, https:\/\/akks.no\/bergen\/files\/2022\/06\/Kristoffer_Oen-2-Takstein-D3F_9997-print-600x375.jpg 600w\" sizes=\"(max-width: 1024px) 100vw, 1024px\" \/>    <figcaption class=\"caption wp-caption-text\">Takstein. Foto: Kristoffer \u00d8en<\/figcaption>\n<\/figure>\n<figure id=\"attachment_4920\" class=\"thumbnail wp-caption alignnone\" style=\"max-width: 1024px;\">\n    <img loading=\"lazy\" class=\"wp-image-4920 size-large\" src=\"http:\/\/akks.no\/bergen\/files\/2022\/06\/Kristoffer_Oen-3-Combi-Rebelz-D3F_0072-print-1024x640.jpg\" alt=\"\" width=\"1024\" height=\"640\" srcset=\"https:\/\/akks.no\/bergen\/files\/2022\/06\/Kristoffer_Oen-3-Combi-Rebelz-D3F_0072-print-1024x640.jpg 1024w, https:\/\/akks.no\/bergen\/files\/2022\/06\/Kristoffer_Oen-3-Combi-Rebelz-D3F_0072-print-300x188.jpg 300w, https:\/\/akks.no\/bergen\/files\/2022\/06\/Kristoffer_Oen-3-Combi-Rebelz-D3F_0072-print-768x480.jpg 768w, https:\/\/akks.no\/bergen\/files\/2022\/06\/Kristoffer_Oen-3-Combi-Rebelz-D3F_0072-print-1536x960.jpg 1536w, https:\/\/akks.no\/bergen\/files\/2022\/06\/Kristoffer_Oen-3-Combi-Rebelz-D3F_0072-print-2048x1280.jpg 2048w, https:\/\/akks.no\/bergen\/files\/2022\/06\/Kristoffer_Oen-3-Combi-Rebelz-D3F_0072-print-600x375.jpg 600w\" sizes=\"(max-width: 1024px) 100vw, 1024px\" \/>    <figcaption class=\"caption wp-caption-text\">Combi Rebelz. Foto: Kristoffer \u00d8en<\/figcaption>\n<\/figure>\n<figure id=\"attachment_4922\" class=\"thumbnail wp-caption alignnone\" style=\"max-width: 1024px;\">\n    <img loading=\"lazy\" class=\"wp-image-4922 size-large\" src=\"http:\/\/akks.no\/bergen\/files\/2022\/06\/Kristoffer_Oen-3-Theodor-Lucero-DEF_4208-print-1024x684.jpg\" alt=\"\" width=\"1024\" height=\"684\" srcset=\"https:\/\/akks.no\/bergen\/files\/2022\/06\/Kristoffer_Oen-3-Theodor-Lucero-DEF_4208-print-1024x684.jpg 1024w, https:\/\/akks.no\/bergen\/files\/2022\/06\/Kristoffer_Oen-3-Theodor-Lucero-DEF_4208-print-300x200.jpg 300w, https:\/\/akks.no\/bergen\/files\/2022\/06\/Kristoffer_Oen-3-Theodor-Lucero-DEF_4208-print-768x513.jpg 768w, https:\/\/akks.no\/bergen\/files\/2022\/06\/Kristoffer_Oen-3-Theodor-Lucero-DEF_4208-print-1536x1025.jpg 1536w, https:\/\/akks.no\/bergen\/files\/2022\/06\/Kristoffer_Oen-3-Theodor-Lucero-DEF_4208-print-2048x1367.jpg 2048w, https:\/\/akks.no\/bergen\/files\/2022\/06\/Kristoffer_Oen-3-Theodor-Lucero-DEF_4208-print-720x480.jpg 720w, https:\/\/akks.no\/bergen\/files\/2022\/06\/Kristoffer_Oen-3-Theodor-Lucero-DEF_4208-print-600x401.jpg 600w\" sizes=\"(max-width: 1024px) 100vw, 1024px\" \/>    <figcaption class=\"caption wp-caption-text\">Theodor Lucero. Foto: Kristoffer \u00d8en<\/figcaption>\n<\/figure>\n<figure id=\"attachment_4921\" class=\"thumbnail wp-caption alignnone\" style=\"max-width: 1024px;\">\n    <img loading=\"lazy\" class=\"wp-image-4921 size-large\" src=\"http:\/\/akks.no\/bergen\/files\/2022\/06\/Kristoffer_Oen-3-Naade-D3F_8687-print-1024x684.jpg\" alt=\"\" width=\"1024\" height=\"684\" srcset=\"https:\/\/akks.no\/bergen\/files\/2022\/06\/Kristoffer_Oen-3-Naade-D3F_8687-print-1024x684.jpg 1024w, https:\/\/akks.no\/bergen\/files\/2022\/06\/Kristoffer_Oen-3-Naade-D3F_8687-print-300x200.jpg 300w, https:\/\/akks.no\/bergen\/files\/2022\/06\/Kristoffer_Oen-3-Naade-D3F_8687-print-768x513.jpg 768w, https:\/\/akks.no\/bergen\/files\/2022\/06\/Kristoffer_Oen-3-Naade-D3F_8687-print-1536x1025.jpg 1536w, https:\/\/akks.no\/bergen\/files\/2022\/06\/Kristoffer_Oen-3-Naade-D3F_8687-print-2048x1367.jpg 2048w, https:\/\/akks.no\/bergen\/files\/2022\/06\/Kristoffer_Oen-3-Naade-D3F_8687-print-720x480.jpg 720w, https:\/\/akks.no\/bergen\/files\/2022\/06\/Kristoffer_Oen-3-Naade-D3F_8687-print-600x401.jpg 600w\" sizes=\"(max-width: 1024px) 100vw, 1024px\" \/>    <figcaption class=\"caption wp-caption-text\">Naade. Foto: Kristoffer \u00d8en.<\/figcaption>\n<\/figure>\n<figure id=\"attachment_4923\" class=\"thumbnail wp-caption alignnone\" style=\"max-width: 1024px;\">\n    <img loading=\"lazy\" class=\"wp-image-4923 size-large\" src=\"http:\/\/akks.no\/bergen\/files\/2022\/06\/Kristoffer_Oen-3-Theodor-Lucero-DEF_4286-print-1024x684.jpg\" alt=\"\" width=\"1024\" height=\"684\" srcset=\"https:\/\/akks.no\/bergen\/files\/2022\/06\/Kristoffer_Oen-3-Theodor-Lucero-DEF_4286-print-1024x684.jpg 1024w, https:\/\/akks.no\/bergen\/files\/2022\/06\/Kristoffer_Oen-3-Theodor-Lucero-DEF_4286-print-300x200.jpg 300w, https:\/\/akks.no\/bergen\/files\/2022\/06\/Kristoffer_Oen-3-Theodor-Lucero-DEF_4286-print-768x513.jpg 768w, https:\/\/akks.no\/bergen\/files\/2022\/06\/Kristoffer_Oen-3-Theodor-Lucero-DEF_4286-print-1536x1025.jpg 1536w, https:\/\/akks.no\/bergen\/files\/2022\/06\/Kristoffer_Oen-3-Theodor-Lucero-DEF_4286-print-2048x1367.jpg 2048w, https:\/\/akks.no\/bergen\/files\/2022\/06\/Kristoffer_Oen-3-Theodor-Lucero-DEF_4286-print-720x480.jpg 720w, https:\/\/akks.no\/bergen\/files\/2022\/06\/Kristoffer_Oen-3-Theodor-Lucero-DEF_4286-print-600x400.jpg 600w\" sizes=\"(max-width: 1024px) 100vw, 1024px\" \/>    <figcaption class=\"caption wp-caption-text\">Theodor Lucero. Foto: Kristoffer \u00d8en<\/figcaption>\n<\/figure>\n<figure id=\"attachment_4924\" class=\"thumbnail wp-caption alignnone\" style=\"max-width: 1024px;\">\n    <img loading=\"lazy\" class=\"wp-image-4924 size-large\" src=\"http:\/\/akks.no\/bergen\/files\/2022\/06\/Kristoffer_Oen-4-Sebastian-Hellesoy-DEF_2585-print-1024x731.jpg\" alt=\"\" width=\"1024\" height=\"731\" srcset=\"https:\/\/akks.no\/bergen\/files\/2022\/06\/Kristoffer_Oen-4-Sebastian-Hellesoy-DEF_2585-print-1024x731.jpg 1024w, https:\/\/akks.no\/bergen\/files\/2022\/06\/Kristoffer_Oen-4-Sebastian-Hellesoy-DEF_2585-print-300x214.jpg 300w, https:\/\/akks.no\/bergen\/files\/2022\/06\/Kristoffer_Oen-4-Sebastian-Hellesoy-DEF_2585-print-768x549.jpg 768w, https:\/\/akks.no\/bergen\/files\/2022\/06\/Kristoffer_Oen-4-Sebastian-Hellesoy-DEF_2585-print-1536x1097.jpg 1536w, https:\/\/akks.no\/bergen\/files\/2022\/06\/Kristoffer_Oen-4-Sebastian-Hellesoy-DEF_2585-print-2048x1463.jpg 2048w, https:\/\/akks.no\/bergen\/files\/2022\/06\/Kristoffer_Oen-4-Sebastian-Hellesoy-DEF_2585-print-600x429.jpg 600w\" sizes=\"(max-width: 1024px) 100vw, 1024px\" \/>    <figcaption class=\"caption wp-caption-text\">Sebastian Helles\u00f8y (Vinner yngste artist). Foto: Kristoffer \u00d8en<\/figcaption>\n<\/figure>\n<figure id=\"attachment_4925\" class=\"thumbnail wp-caption alignnone\" style=\"max-width: 1024px;\">\n    <img loading=\"lazy\" class=\"wp-image-4925 size-large\" src=\"http:\/\/akks.no\/bergen\/files\/2022\/06\/Kristoffer_Oen-4-Vilde-Vester-D3F_0138-print-1024x684.jpg\" alt=\"\" width=\"1024\" height=\"684\" srcset=\"https:\/\/akks.no\/bergen\/files\/2022\/06\/Kristoffer_Oen-4-Vilde-Vester-D3F_0138-print-1024x684.jpg 1024w, https:\/\/akks.no\/bergen\/files\/2022\/06\/Kristoffer_Oen-4-Vilde-Vester-D3F_0138-print-300x200.jpg 300w, https:\/\/akks.no\/bergen\/files\/2022\/06\/Kristoffer_Oen-4-Vilde-Vester-D3F_0138-print-768x513.jpg 768w, https:\/\/akks.no\/bergen\/files\/2022\/06\/Kristoffer_Oen-4-Vilde-Vester-D3F_0138-print-1536x1025.jpg 1536w, https:\/\/akks.no\/bergen\/files\/2022\/06\/Kristoffer_Oen-4-Vilde-Vester-D3F_0138-print-2048x1367.jpg 2048w, https:\/\/akks.no\/bergen\/files\/2022\/06\/Kristoffer_Oen-4-Vilde-Vester-D3F_0138-print-720x480.jpg 720w, https:\/\/akks.no\/bergen\/files\/2022\/06\/Kristoffer_Oen-4-Vilde-Vester-D3F_0138-print-600x401.jpg 600w\" sizes=\"(max-width: 1024px) 100vw, 1024px\" \/>    <figcaption class=\"caption wp-caption-text\">Vilde Vester. Foto: Kristoffer \u00d8en<\/figcaption>\n<\/figure>\n<figure id=\"attachment_4926\" class=\"thumbnail wp-caption alignnone\" style=\"max-width: 1024px;\">\n    <img loading=\"lazy\" class=\"wp-image-4926 size-large\" src=\"http:\/\/akks.no\/bergen\/files\/2022\/06\/Kristoffer_Oen-5-Fashion-Victims-DEF_4503-print-1024x684.jpg\" alt=\"\" width=\"1024\" height=\"684\" srcset=\"https:\/\/akks.no\/bergen\/files\/2022\/06\/Kristoffer_Oen-5-Fashion-Victims-DEF_4503-print-1024x684.jpg 1024w, https:\/\/akks.no\/bergen\/files\/2022\/06\/Kristoffer_Oen-5-Fashion-Victims-DEF_4503-print-300x200.jpg 300w, https:\/\/akks.no\/bergen\/files\/2022\/06\/Kristoffer_Oen-5-Fashion-Victims-DEF_4503-print-768x513.jpg 768w, https:\/\/akks.no\/bergen\/files\/2022\/06\/Kristoffer_Oen-5-Fashion-Victims-DEF_4503-print-1536x1025.jpg 1536w, https:\/\/akks.no\/bergen\/files\/2022\/06\/Kristoffer_Oen-5-Fashion-Victims-DEF_4503-print-2048x1367.jpg 2048w, https:\/\/akks.no\/bergen\/files\/2022\/06\/Kristoffer_Oen-5-Fashion-Victims-DEF_4503-print-720x480.jpg 720w, https:\/\/akks.no\/bergen\/files\/2022\/06\/Kristoffer_Oen-5-Fashion-Victims-DEF_4503-print-600x401.jpg 600w\" sizes=\"(max-width: 1024px) 100vw, 1024px\" \/>    <figcaption class=\"caption wp-caption-text\">Fashion Victims. Foto: Kristoffer \u00d8en<\/figcaption>\n<\/figure>\n<figure id=\"attachment_4927\" class=\"thumbnail wp-caption alignnone\" style=\"max-width: 1024px;\">\n    <img loading=\"lazy\" class=\"wp-image-4927 size-large\" src=\"http:\/\/akks.no\/bergen\/files\/2022\/06\/Kristoffer_Oen-5-The-Roulettes-D3F_8944-print-1024x731.jpg\" alt=\"\" width=\"1024\" height=\"731\" srcset=\"https:\/\/akks.no\/bergen\/files\/2022\/06\/Kristoffer_Oen-5-The-Roulettes-D3F_8944-print-1024x731.jpg 1024w, https:\/\/akks.no\/bergen\/files\/2022\/06\/Kristoffer_Oen-5-The-Roulettes-D3F_8944-print-300x214.jpg 300w, https:\/\/akks.no\/bergen\/files\/2022\/06\/Kristoffer_Oen-5-The-Roulettes-D3F_8944-print-768x549.jpg 768w, https:\/\/akks.no\/bergen\/files\/2022\/06\/Kristoffer_Oen-5-The-Roulettes-D3F_8944-print-1536x1097.jpg 1536w, https:\/\/akks.no\/bergen\/files\/2022\/06\/Kristoffer_Oen-5-The-Roulettes-D3F_8944-print-2048x1463.jpg 2048w, https:\/\/akks.no\/bergen\/files\/2022\/06\/Kristoffer_Oen-5-The-Roulettes-D3F_8944-print-600x429.jpg 600w\" sizes=\"(max-width: 1024px) 100vw, 1024px\" \/>    <figcaption class=\"caption wp-caption-text\">The Roulettes. Foto: Kristoffer \u00d8en<\/figcaption>\n<\/figure>\n<figure id=\"attachment_4928\" class=\"thumbnail wp-caption alignnone\" style=\"max-width: 1024px;\">\n    <img loading=\"lazy\" class=\"wp-image-4928 size-large\" src=\"http:\/\/akks.no\/bergen\/files\/2022\/06\/Kristoffer_Oen-5-Yellow-DEF_3565-print-1024x684.jpg\" alt=\"\" width=\"1024\" height=\"684\" srcset=\"https:\/\/akks.no\/bergen\/files\/2022\/06\/Kristoffer_Oen-5-Yellow-DEF_3565-print-1024x684.jpg 1024w, https:\/\/akks.no\/bergen\/files\/2022\/06\/Kristoffer_Oen-5-Yellow-DEF_3565-print-300x200.jpg 300w, https:\/\/akks.no\/bergen\/files\/2022\/06\/Kristoffer_Oen-5-Yellow-DEF_3565-print-768x513.jpg 768w, https:\/\/akks.no\/bergen\/files\/2022\/06\/Kristoffer_Oen-5-Yellow-DEF_3565-print-1536x1025.jpg 1536w, https:\/\/akks.no\/bergen\/files\/2022\/06\/Kristoffer_Oen-5-Yellow-DEF_3565-print-2048x1367.jpg 2048w, https:\/\/akks.no\/bergen\/files\/2022\/06\/Kristoffer_Oen-5-Yellow-DEF_3565-print-720x480.jpg 720w, https:\/\/akks.no\/bergen\/files\/2022\/06\/Kristoffer_Oen-5-Yellow-DEF_3565-print-600x401.jpg 600w\" sizes=\"(max-width: 1024px) 100vw, 1024px\" \/>    <figcaption class=\"caption wp-caption-text\">YELLOW. Foto: Kristoffer \u00d8en<\/figcaption>\n<\/figure>\n<figure id=\"attachment_4929\" class=\"thumbnail wp-caption alignnone\" style=\"max-width: 1024px;\">\n    <img loading=\"lazy\" class=\"wp-image-4929 size-large\" src=\"http:\/\/akks.no\/bergen\/files\/2022\/06\/Kristoffer_Oen-6-Benc-DEF_4641-print-1024x640.jpg\" alt=\"\" width=\"1024\" height=\"640\" srcset=\"https:\/\/akks.no\/bergen\/files\/2022\/06\/Kristoffer_Oen-6-Benc-DEF_4641-print-1024x640.jpg 1024w, https:\/\/akks.no\/bergen\/files\/2022\/06\/Kristoffer_Oen-6-Benc-DEF_4641-print-300x188.jpg 300w, https:\/\/akks.no\/bergen\/files\/2022\/06\/Kristoffer_Oen-6-Benc-DEF_4641-print-768x480.jpg 768w, https:\/\/akks.no\/bergen\/files\/2022\/06\/Kristoffer_Oen-6-Benc-DEF_4641-print-1536x960.jpg 1536w, https:\/\/akks.no\/bergen\/files\/2022\/06\/Kristoffer_Oen-6-Benc-DEF_4641-print-2048x1280.jpg 2048w, https:\/\/akks.no\/bergen\/files\/2022\/06\/Kristoffer_Oen-6-Benc-DEF_4641-print-600x375.jpg 600w\" sizes=\"(max-width: 1024px) 100vw, 1024px\" \/>    <figcaption class=\"caption wp-caption-text\">Benc. Foto: Kristoffer \u00d8en<\/figcaption>\n<\/figure>\n<figure id=\"attachment_4930\" class=\"thumbnail wp-caption alignnone\" style=\"max-width: 1024px;\">\n    <img loading=\"lazy\" class=\"wp-image-4930 size-large\" src=\"http:\/\/akks.no\/bergen\/files\/2022\/06\/Kristoffer_Oen-6-C.-Aya-D3F_9178-print-1024x640.jpg\" alt=\"\" width=\"1024\" height=\"640\" srcset=\"https:\/\/akks.no\/bergen\/files\/2022\/06\/Kristoffer_Oen-6-C.-Aya-D3F_9178-print-1024x640.jpg 1024w, https:\/\/akks.no\/bergen\/files\/2022\/06\/Kristoffer_Oen-6-C.-Aya-D3F_9178-print-300x188.jpg 300w, https:\/\/akks.no\/bergen\/files\/2022\/06\/Kristoffer_Oen-6-C.-Aya-D3F_9178-print-768x480.jpg 768w, https:\/\/akks.no\/bergen\/files\/2022\/06\/Kristoffer_Oen-6-C.-Aya-D3F_9178-print-1536x960.jpg 1536w, https:\/\/akks.no\/bergen\/files\/2022\/06\/Kristoffer_Oen-6-C.-Aya-D3F_9178-print-2048x1280.jpg 2048w, https:\/\/akks.no\/bergen\/files\/2022\/06\/Kristoffer_Oen-6-C.-Aya-D3F_9178-print-600x375.jpg 600w\" sizes=\"(max-width: 1024px) 100vw, 1024px\" \/>    <figcaption class=\"caption wp-caption-text\">C. AYA. Foto: Kristoffer \u00d8en<\/figcaption>\n<\/figure>\n<figure id=\"attachment_4931\" class=\"thumbnail wp-caption alignnone\" style=\"max-width: 1024px;\">\n    <img loading=\"lazy\" class=\"wp-image-4931 size-large\" src=\"http:\/\/akks.no\/bergen\/files\/2022\/06\/Kristoffer_Oen-6-Ida-Saelen-Holtas-DEF_3659-print-1024x731.jpg\" alt=\"\" width=\"1024\" height=\"731\" srcset=\"https:\/\/akks.no\/bergen\/files\/2022\/06\/Kristoffer_Oen-6-Ida-Saelen-Holtas-DEF_3659-print-1024x731.jpg 1024w, https:\/\/akks.no\/bergen\/files\/2022\/06\/Kristoffer_Oen-6-Ida-Saelen-Holtas-DEF_3659-print-300x214.jpg 300w, https:\/\/akks.no\/bergen\/files\/2022\/06\/Kristoffer_Oen-6-Ida-Saelen-Holtas-DEF_3659-print-768x549.jpg 768w, https:\/\/akks.no\/bergen\/files\/2022\/06\/Kristoffer_Oen-6-Ida-Saelen-Holtas-DEF_3659-print-1536x1097.jpg 1536w, https:\/\/akks.no\/bergen\/files\/2022\/06\/Kristoffer_Oen-6-Ida-Saelen-Holtas-DEF_3659-print-2048x1463.jpg 2048w, https:\/\/akks.no\/bergen\/files\/2022\/06\/Kristoffer_Oen-6-Ida-Saelen-Holtas-DEF_3659-print-600x429.jpg 600w\" sizes=\"(max-width: 1024px) 100vw, 1024px\" \/>    <figcaption class=\"caption wp-caption-text\">Ida S\u00e6len Holt\u00e5s. Foto: Kristoffer \u00d8en<\/figcaption>\n<\/figure>\n<figure id=\"attachment_4932\" class=\"thumbnail wp-caption alignnone\" style=\"max-width: 1024px;\">\n    <img loading=\"lazy\" class=\"wp-image-4932 size-large\" src=\"http:\/\/akks.no\/bergen\/files\/2022\/06\/Kristoffer_Oen-8-Marie-Wedberg-DEF_3851-print-1024x684.jpg\" alt=\"\" width=\"1024\" height=\"684\" srcset=\"https:\/\/akks.no\/bergen\/files\/2022\/06\/Kristoffer_Oen-8-Marie-Wedberg-DEF_3851-print-1024x684.jpg 1024w, https:\/\/akks.no\/bergen\/files\/2022\/06\/Kristoffer_Oen-8-Marie-Wedberg-DEF_3851-print-300x200.jpg 300w, https:\/\/akks.no\/bergen\/files\/2022\/06\/Kristoffer_Oen-8-Marie-Wedberg-DEF_3851-print-768x513.jpg 768w, https:\/\/akks.no\/bergen\/files\/2022\/06\/Kristoffer_Oen-8-Marie-Wedberg-DEF_3851-print-1536x1025.jpg 1536w, https:\/\/akks.no\/bergen\/files\/2022\/06\/Kristoffer_Oen-8-Marie-Wedberg-DEF_3851-print-2048x1367.jpg 2048w, https:\/\/akks.no\/bergen\/files\/2022\/06\/Kristoffer_Oen-8-Marie-Wedberg-DEF_3851-print-720x480.jpg 720w, https:\/\/akks.no\/bergen\/files\/2022\/06\/Kristoffer_Oen-8-Marie-Wedberg-DEF_3851-print-600x401.jpg 600w\" sizes=\"(max-width: 1024px) 100vw, 1024px\" \/>    <figcaption class=\"caption wp-caption-text\">Marie Wedberg. Foto: Kristoffer \u00d8en<\/figcaption>\n<\/figure>\n<figure id=\"attachment_4933\" class=\"thumbnail wp-caption alignnone\" style=\"max-width: 1024px;\">\n    <img loading=\"lazy\" class=\"wp-image-4933 size-large\" src=\"http:\/\/akks.no\/bergen\/files\/2022\/06\/Kristoffer_Oen-8-Pachinko-DEF_4728-print-1024x684.jpg\" alt=\"\" width=\"1024\" height=\"684\" srcset=\"https:\/\/akks.no\/bergen\/files\/2022\/06\/Kristoffer_Oen-8-Pachinko-DEF_4728-print-1024x684.jpg 1024w, https:\/\/akks.no\/bergen\/files\/2022\/06\/Kristoffer_Oen-8-Pachinko-DEF_4728-print-300x200.jpg 300w, https:\/\/akks.no\/bergen\/files\/2022\/06\/Kristoffer_Oen-8-Pachinko-DEF_4728-print-768x513.jpg 768w, https:\/\/akks.no\/bergen\/files\/2022\/06\/Kristoffer_Oen-8-Pachinko-DEF_4728-print-1536x1025.jpg 1536w, https:\/\/akks.no\/bergen\/files\/2022\/06\/Kristoffer_Oen-8-Pachinko-DEF_4728-print-2048x1367.jpg 2048w, https:\/\/akks.no\/bergen\/files\/2022\/06\/Kristoffer_Oen-8-Pachinko-DEF_4728-print-720x480.jpg 720w, https:\/\/akks.no\/bergen\/files\/2022\/06\/Kristoffer_Oen-8-Pachinko-DEF_4728-print-600x401.jpg 600w\" sizes=\"(max-width: 1024px) 100vw, 1024px\" \/>    <figcaption class=\"caption wp-caption-text\">Pachinko (Vant 2. plass). Foto: Kristoffer \u00d8en<\/figcaption>\n<\/figure>\n<figure id=\"attachment_4940\" class=\"thumbnail wp-caption alignnone\" style=\"max-width: 1024px;\">\n    <img loading=\"lazy\" class=\"wp-image-4940 size-large\" src=\"http:\/\/akks.no\/bergen\/files\/2022\/06\/Kristoffer_Oen-11-Industrial-Light-D3F_9552-print-1024x684.jpg\" alt=\"\" width=\"1024\" height=\"684\" srcset=\"https:\/\/akks.no\/bergen\/files\/2022\/06\/Kristoffer_Oen-11-Industrial-Light-D3F_9552-print-1024x684.jpg 1024w, https:\/\/akks.no\/bergen\/files\/2022\/06\/Kristoffer_Oen-11-Industrial-Light-D3F_9552-print-300x200.jpg 300w, https:\/\/akks.no\/bergen\/files\/2022\/06\/Kristoffer_Oen-11-Industrial-Light-D3F_9552-print-768x513.jpg 768w, https:\/\/akks.no\/bergen\/files\/2022\/06\/Kristoffer_Oen-11-Industrial-Light-D3F_9552-print-1536x1025.jpg 1536w, https:\/\/akks.no\/bergen\/files\/2022\/06\/Kristoffer_Oen-11-Industrial-Light-D3F_9552-print-2048x1367.jpg 2048w, https:\/\/akks.no\/bergen\/files\/2022\/06\/Kristoffer_Oen-11-Industrial-Light-D3F_9552-print-720x480.jpg 720w, https:\/\/akks.no\/bergen\/files\/2022\/06\/Kristoffer_Oen-11-Industrial-Light-D3F_9552-print-600x401.jpg 600w\" sizes=\"(max-width: 1024px) 100vw, 1024px\" \/>    <figcaption class=\"caption wp-caption-text\">Industrial Light. Foto: Kristoffer \u00d8en<\/figcaption>\n<\/figure>\n<figure id=\"attachment_4939\" class=\"thumbnail wp-caption alignnone\" style=\"max-width: 1024px;\">\n    <img loading=\"lazy\" class=\"wp-image-4939 size-large\" src=\"http:\/\/akks.no\/bergen\/files\/2022\/06\/Kristoffer_Oen-11-Blueboy-D3F_0928-print-1024x684.jpg\" alt=\"\" width=\"1024\" height=\"684\" srcset=\"https:\/\/akks.no\/bergen\/files\/2022\/06\/Kristoffer_Oen-11-Blueboy-D3F_0928-print-1024x684.jpg 1024w, https:\/\/akks.no\/bergen\/files\/2022\/06\/Kristoffer_Oen-11-Blueboy-D3F_0928-print-300x200.jpg 300w, https:\/\/akks.no\/bergen\/files\/2022\/06\/Kristoffer_Oen-11-Blueboy-D3F_0928-print-768x513.jpg 768w, https:\/\/akks.no\/bergen\/files\/2022\/06\/Kristoffer_Oen-11-Blueboy-D3F_0928-print-1536x1025.jpg 1536w, https:\/\/akks.no\/bergen\/files\/2022\/06\/Kristoffer_Oen-11-Blueboy-D3F_0928-print-2048x1367.jpg 2048w, https:\/\/akks.no\/bergen\/files\/2022\/06\/Kristoffer_Oen-11-Blueboy-D3F_0928-print-720x480.jpg 720w, https:\/\/akks.no\/bergen\/files\/2022\/06\/Kristoffer_Oen-11-Blueboy-D3F_0928-print-600x401.jpg 600w\" sizes=\"(max-width: 1024px) 100vw, 1024px\" \/>    <figcaption class=\"caption wp-caption-text\">Blueboy. Foto: Kristoffer \u00d8en<\/figcaption>\n<\/figure>\n<figure id=\"attachment_4938\" class=\"thumbnail wp-caption alignnone\" style=\"max-width: 1024px;\">\n    <img loading=\"lazy\" class=\"wp-image-4938 size-large\" src=\"http:\/\/akks.no\/bergen\/files\/2022\/06\/Kristoffer_Oen-10-EDOT-Lawrence-D3F_0869-print-1024x684.jpg\" alt=\"\" width=\"1024\" height=\"684\" srcset=\"https:\/\/akks.no\/bergen\/files\/2022\/06\/Kristoffer_Oen-10-EDOT-Lawrence-D3F_0869-print-1024x684.jpg 1024w, https:\/\/akks.no\/bergen\/files\/2022\/06\/Kristoffer_Oen-10-EDOT-Lawrence-D3F_0869-print-300x200.jpg 300w, https:\/\/akks.no\/bergen\/files\/2022\/06\/Kristoffer_Oen-10-EDOT-Lawrence-D3F_0869-print-768x513.jpg 768w, https:\/\/akks.no\/bergen\/files\/2022\/06\/Kristoffer_Oen-10-EDOT-Lawrence-D3F_0869-print-1536x1025.jpg 1536w, https:\/\/akks.no\/bergen\/files\/2022\/06\/Kristoffer_Oen-10-EDOT-Lawrence-D3F_0869-print-2048x1367.jpg 2048w, https:\/\/akks.no\/bergen\/files\/2022\/06\/Kristoffer_Oen-10-EDOT-Lawrence-D3F_0869-print-720x480.jpg 720w, https:\/\/akks.no\/bergen\/files\/2022\/06\/Kristoffer_Oen-10-EDOT-Lawrence-D3F_0869-print-600x401.jpg 600w\" sizes=\"(max-width: 1024px) 100vw, 1024px\" \/>    <figcaption class=\"caption wp-caption-text\">EDOT Lawrence. Foto: Kristoffer \u00d8en<\/figcaption>\n<\/figure>\n<figure id=\"attachment_4937\" class=\"thumbnail wp-caption alignnone\" style=\"max-width: 1024px;\">\n    <img loading=\"lazy\" class=\"wp-image-4937 size-large\" src=\"http:\/\/akks.no\/bergen\/files\/2022\/06\/Kristoffer_Oen-10-CDG-Kennedy-DEF_3141-print-1024x684.jpg\" alt=\"\" width=\"1024\" height=\"684\" srcset=\"https:\/\/akks.no\/bergen\/files\/2022\/06\/Kristoffer_Oen-10-CDG-Kennedy-DEF_3141-print-1024x684.jpg 1024w, https:\/\/akks.no\/bergen\/files\/2022\/06\/Kristoffer_Oen-10-CDG-Kennedy-DEF_3141-print-300x200.jpg 300w, https:\/\/akks.no\/bergen\/files\/2022\/06\/Kristoffer_Oen-10-CDG-Kennedy-DEF_3141-print-768x513.jpg 768w, https:\/\/akks.no\/bergen\/files\/2022\/06\/Kristoffer_Oen-10-CDG-Kennedy-DEF_3141-print-1536x1025.jpg 1536w, https:\/\/akks.no\/bergen\/files\/2022\/06\/Kristoffer_Oen-10-CDG-Kennedy-DEF_3141-print-2048x1367.jpg 2048w, https:\/\/akks.no\/bergen\/files\/2022\/06\/Kristoffer_Oen-10-CDG-Kennedy-DEF_3141-print-720x480.jpg 720w, https:\/\/akks.no\/bergen\/files\/2022\/06\/Kristoffer_Oen-10-CDG-Kennedy-DEF_3141-print-600x401.jpg 600w\" sizes=\"(max-width: 1024px) 100vw, 1024px\" \/>    <figcaption class=\"caption wp-caption-text\">CDG Kennedy. Foto: Kristoffer \u00d8en<\/figcaption>\n<\/figure>\n<figure id=\"attachment_4936\" class=\"thumbnail wp-caption alignnone\" style=\"max-width: 791px;\">\n    <img loading=\"lazy\" class=\"wp-image-4936 size-large\" src=\"http:\/\/akks.no\/bergen\/files\/2022\/06\/Kristoffer_Oen-10-CDG-Kennedy-DEF_3134-print-791x1024.jpg\" alt=\"\" width=\"791\" height=\"1024\" srcset=\"https:\/\/akks.no\/bergen\/files\/2022\/06\/Kristoffer_Oen-10-CDG-Kennedy-DEF_3134-print-791x1024.jpg 791w, https:\/\/akks.no\/bergen\/files\/2022\/06\/Kristoffer_Oen-10-CDG-Kennedy-DEF_3134-print-232x300.jpg 232w, https:\/\/akks.no\/bergen\/files\/2022\/06\/Kristoffer_Oen-10-CDG-Kennedy-DEF_3134-print-768x994.jpg 768w, https:\/\/akks.no\/bergen\/files\/2022\/06\/Kristoffer_Oen-10-CDG-Kennedy-DEF_3134-print-1187x1536.jpg 1187w, https:\/\/akks.no\/bergen\/files\/2022\/06\/Kristoffer_Oen-10-CDG-Kennedy-DEF_3134-print-1582x2048.jpg 1582w, https:\/\/akks.no\/bergen\/files\/2022\/06\/Kristoffer_Oen-10-CDG-Kennedy-DEF_3134-print-600x777.jpg 600w, https:\/\/akks.no\/bergen\/files\/2022\/06\/Kristoffer_Oen-10-CDG-Kennedy-DEF_3134-print-scaled.jpg 1978w\" sizes=\"(max-width: 791px) 100vw, 791px\" \/>    <figcaption class=\"caption wp-caption-text\">CDG Kennedy. Foto: Kristoffer \u00d8en<\/figcaption>\n<\/figure>\n<figure id=\"attachment_4935\" class=\"thumbnail wp-caption alignnone\" style=\"max-width: 1024px;\">\n    <img loading=\"lazy\" class=\"wp-image-4935 size-large\" src=\"http:\/\/akks.no\/bergen\/files\/2022\/06\/Kristoffer_Oen-8-Project-Beyond-D3F_9343-print-1024x684.jpg\" alt=\"\" width=\"1024\" height=\"684\" srcset=\"https:\/\/akks.no\/bergen\/files\/2022\/06\/Kristoffer_Oen-8-Project-Beyond-D3F_9343-print-1024x684.jpg 1024w, https:\/\/akks.no\/bergen\/files\/2022\/06\/Kristoffer_Oen-8-Project-Beyond-D3F_9343-print-300x200.jpg 300w, https:\/\/akks.no\/bergen\/files\/2022\/06\/Kristoffer_Oen-8-Project-Beyond-D3F_9343-print-768x513.jpg 768w, https:\/\/akks.no\/bergen\/files\/2022\/06\/Kristoffer_Oen-8-Project-Beyond-D3F_9343-print-1536x1025.jpg 1536w, https:\/\/akks.no\/bergen\/files\/2022\/06\/Kristoffer_Oen-8-Project-Beyond-D3F_9343-print-2048x1367.jpg 2048w, https:\/\/akks.no\/bergen\/files\/2022\/06\/Kristoffer_Oen-8-Project-Beyond-D3F_9343-print-720x480.jpg 720w, https:\/\/akks.no\/bergen\/files\/2022\/06\/Kristoffer_Oen-8-Project-Beyond-D3F_9343-print-600x401.jpg 600w\" sizes=\"(max-width: 1024px) 100vw, 1024px\" \/>    <figcaption class=\"caption wp-caption-text\">PROJECT: Beyond. Foto: Kristoffer \u00d8en<\/figcaption>\n<\/figure>\n<figure id=\"attachment_4941\" class=\"thumbnail wp-caption alignnone\" style=\"max-width: 1024px;\">\n    <img loading=\"lazy\" class=\"wp-image-4941 size-large\" src=\"http:\/\/akks.no\/bergen\/files\/2022\/06\/Kristoffer_Oen-12-Twisted-Days-D3F_9780-print-1024x640.jpg\" alt=\"\" width=\"1024\" height=\"640\" srcset=\"https:\/\/akks.no\/bergen\/files\/2022\/06\/Kristoffer_Oen-12-Twisted-Days-D3F_9780-print-1024x640.jpg 1024w, https:\/\/akks.no\/bergen\/files\/2022\/06\/Kristoffer_Oen-12-Twisted-Days-D3F_9780-print-300x188.jpg 300w, https:\/\/akks.no\/bergen\/files\/2022\/06\/Kristoffer_Oen-12-Twisted-Days-D3F_9780-print-768x480.jpg 768w, https:\/\/akks.no\/bergen\/files\/2022\/06\/Kristoffer_Oen-12-Twisted-Days-D3F_9780-print-1536x960.jpg 1536w, https:\/\/akks.no\/bergen\/files\/2022\/06\/Kristoffer_Oen-12-Twisted-Days-D3F_9780-print-2048x1280.jpg 2048w, https:\/\/akks.no\/bergen\/files\/2022\/06\/Kristoffer_Oen-12-Twisted-Days-D3F_9780-print-600x375.jpg 600w\" sizes=\"(max-width: 1024px) 100vw, 1024px\" \/>    <figcaption class=\"caption wp-caption-text\">Twisted Days (Vinner av 3. plass + Publikumsprisen). Foto: Kristoffer \u00d8en<\/figcaption>\n<\/figure>\n<figure id=\"attachment_4942\" class=\"thumbnail wp-caption alignnone\" style=\"max-width: 1024px;\">\n    <img loading=\"lazy\" class=\"wp-image-4942 size-large\" src=\"http:\/\/akks.no\/bergen\/files\/2022\/06\/Kristoffer_Oen-12-Twisted-Days-DEF_3308-print-1024x684.jpg\" alt=\"\" width=\"1024\" height=\"684\" srcset=\"https:\/\/akks.no\/bergen\/files\/2022\/06\/Kristoffer_Oen-12-Twisted-Days-DEF_3308-print-1024x684.jpg 1024w, https:\/\/akks.no\/bergen\/files\/2022\/06\/Kristoffer_Oen-12-Twisted-Days-DEF_3308-print-300x200.jpg 300w, https:\/\/akks.no\/bergen\/files\/2022\/06\/Kristoffer_Oen-12-Twisted-Days-DEF_3308-print-768x513.jpg 768w, https:\/\/akks.no\/bergen\/files\/2022\/06\/Kristoffer_Oen-12-Twisted-Days-DEF_3308-print-1536x1025.jpg 1536w, https:\/\/akks.no\/bergen\/files\/2022\/06\/Kristoffer_Oen-12-Twisted-Days-DEF_3308-print-2048x1367.jpg 2048w, https:\/\/akks.no\/bergen\/files\/2022\/06\/Kristoffer_Oen-12-Twisted-Days-DEF_3308-print-720x480.jpg 720w, https:\/\/akks.no\/bergen\/files\/2022\/06\/Kristoffer_Oen-12-Twisted-Days-DEF_3308-print-600x401.jpg 600w\" sizes=\"(max-width: 1024px) 100vw, 1024px\" \/>    <figcaption class=\"caption wp-caption-text\">Twisted Days. Foto: Kristoffer \u00d8en<\/figcaption>\n<\/figure>\n<figure id=\"attachment_4944\" class=\"thumbnail wp-caption alignnone\" style=\"max-width: 1024px;\">\n    <img loading=\"lazy\" class=\"wp-image-4944 size-large\" src=\"http:\/\/akks.no\/bergen\/files\/2022\/06\/Kristoffer_Oen-Boy-Pablo-D3F_2250-print-1024x684.jpg\" alt=\"\" width=\"1024\" height=\"684\" srcset=\"https:\/\/akks.no\/bergen\/files\/2022\/06\/Kristoffer_Oen-Boy-Pablo-D3F_2250-print-1024x684.jpg 1024w, https:\/\/akks.no\/bergen\/files\/2022\/06\/Kristoffer_Oen-Boy-Pablo-D3F_2250-print-300x200.jpg 300w, https:\/\/akks.no\/bergen\/files\/2022\/06\/Kristoffer_Oen-Boy-Pablo-D3F_2250-print-768x513.jpg 768w, https:\/\/akks.no\/bergen\/files\/2022\/06\/Kristoffer_Oen-Boy-Pablo-D3F_2250-print-1536x1025.jpg 1536w, https:\/\/akks.no\/bergen\/files\/2022\/06\/Kristoffer_Oen-Boy-Pablo-D3F_2250-print-2048x1367.jpg 2048w, https:\/\/akks.no\/bergen\/files\/2022\/06\/Kristoffer_Oen-Boy-Pablo-D3F_2250-print-720x480.jpg 720w, https:\/\/akks.no\/bergen\/files\/2022\/06\/Kristoffer_Oen-Boy-Pablo-D3F_2250-print-600x401.jpg 600w\" sizes=\"(max-width: 1024px) 100vw, 1024px\" \/>    <figcaption class=\"caption wp-caption-text\">boy pablo. Foto: Kristoffer \u00d8en<\/figcaption>\n<\/figure>\n<figure id=\"attachment_4945\" class=\"thumbnail wp-caption alignnone\" style=\"max-width: 1024px;\">\n    <img loading=\"lazy\" class=\"wp-image-4945 size-large\" src=\"http:\/\/akks.no\/bergen\/files\/2022\/06\/Kristoffer_Oen-Boy-Pablo-DEF_5103-print-1024x684.jpg\" alt=\"\" width=\"1024\" height=\"684\" srcset=\"https:\/\/akks.no\/bergen\/files\/2022\/06\/Kristoffer_Oen-Boy-Pablo-DEF_5103-print-1024x684.jpg 1024w, https:\/\/akks.no\/bergen\/files\/2022\/06\/Kristoffer_Oen-Boy-Pablo-DEF_5103-print-300x200.jpg 300w, https:\/\/akks.no\/bergen\/files\/2022\/06\/Kristoffer_Oen-Boy-Pablo-DEF_5103-print-768x513.jpg 768w, https:\/\/akks.no\/bergen\/files\/2022\/06\/Kristoffer_Oen-Boy-Pablo-DEF_5103-print-1536x1025.jpg 1536w, https:\/\/akks.no\/bergen\/files\/2022\/06\/Kristoffer_Oen-Boy-Pablo-DEF_5103-print-2048x1367.jpg 2048w, https:\/\/akks.no\/bergen\/files\/2022\/06\/Kristoffer_Oen-Boy-Pablo-DEF_5103-print-720x480.jpg 720w, https:\/\/akks.no\/bergen\/files\/2022\/06\/Kristoffer_Oen-Boy-Pablo-DEF_5103-print-600x401.jpg 600w\" sizes=\"(max-width: 1024px) 100vw, 1024px\" \/>    <figcaption class=\"caption wp-caption-text\">boy pablo. Foto: Kristoffer \u00d8en<\/figcaption>\n<\/figure>\n<figure id=\"attachment_4946\" class=\"thumbnail wp-caption alignnone\" style=\"max-width: 1024px;\">\n    <img loading=\"lazy\" class=\"wp-image-4946 size-large\" src=\"http:\/\/akks.no\/bergen\/files\/2022\/06\/Kristoffer_Oen-Boy-Pablo-DEF_5185-print-1024x684.jpg\" alt=\"\" width=\"1024\" height=\"684\" srcset=\"https:\/\/akks.no\/bergen\/files\/2022\/06\/Kristoffer_Oen-Boy-Pablo-DEF_5185-print-1024x684.jpg 1024w, https:\/\/akks.no\/bergen\/files\/2022\/06\/Kristoffer_Oen-Boy-Pablo-DEF_5185-print-300x200.jpg 300w, https:\/\/akks.no\/bergen\/files\/2022\/06\/Kristoffer_Oen-Boy-Pablo-DEF_5185-print-768x513.jpg 768w, https:\/\/akks.no\/bergen\/files\/2022\/06\/Kristoffer_Oen-Boy-Pablo-DEF_5185-print-1536x1025.jpg 1536w, https:\/\/akks.no\/bergen\/files\/2022\/06\/Kristoffer_Oen-Boy-Pablo-DEF_5185-print-2048x1367.jpg 2048w, https:\/\/akks.no\/bergen\/files\/2022\/06\/Kristoffer_Oen-Boy-Pablo-DEF_5185-print-720x480.jpg 720w, https:\/\/akks.no\/bergen\/files\/2022\/06\/Kristoffer_Oen-Boy-Pablo-DEF_5185-print-600x401.jpg 600w\" sizes=\"(max-width: 1024px) 100vw, 1024px\" \/>    <figcaption class=\"caption wp-caption-text\">boy pablo. Foto: Kristoffer \u00d8en<\/figcaption>\n<\/figure>\n<figure id=\"attachment_4947\" class=\"thumbnail wp-caption alignnone\" style=\"max-width: 731px;\">\n    <img loading=\"lazy\" class=\"wp-image-4947 size-large\" src=\"http:\/\/akks.no\/bergen\/files\/2022\/06\/Kristoffer_Oen-Boy-Pablo-DEF_5187-print-731x1024.jpg\" alt=\"\" width=\"731\" height=\"1024\" srcset=\"https:\/\/akks.no\/bergen\/files\/2022\/06\/Kristoffer_Oen-Boy-Pablo-DEF_5187-print-731x1024.jpg 731w, https:\/\/akks.no\/bergen\/files\/2022\/06\/Kristoffer_Oen-Boy-Pablo-DEF_5187-print-214x300.jpg 214w, https:\/\/akks.no\/bergen\/files\/2022\/06\/Kristoffer_Oen-Boy-Pablo-DEF_5187-print-768x1075.jpg 768w, https:\/\/akks.no\/bergen\/files\/2022\/06\/Kristoffer_Oen-Boy-Pablo-DEF_5187-print-1097x1536.jpg 1097w, https:\/\/akks.no\/bergen\/files\/2022\/06\/Kristoffer_Oen-Boy-Pablo-DEF_5187-print-1463x2048.jpg 1463w, https:\/\/akks.no\/bergen\/files\/2022\/06\/Kristoffer_Oen-Boy-Pablo-DEF_5187-print-600x840.jpg 600w, https:\/\/akks.no\/bergen\/files\/2022\/06\/Kristoffer_Oen-Boy-Pablo-DEF_5187-print-scaled.jpg 1828w\" sizes=\"(max-width: 731px) 100vw, 731px\" \/>    <figcaption class=\"caption wp-caption-text\">boy pablo. Foto: Kristoffer \u00d8en<\/figcaption>\n<\/figure>\n<figure id=\"attachment_4948\" class=\"thumbnail wp-caption alignnone\" style=\"max-width: 1024px;\">\n    <img loading=\"lazy\" class=\"wp-image-4948 size-large\" src=\"http:\/\/akks.no\/bergen\/files\/2022\/06\/Kristoffer_Oen-2022-06-03-DEF_5212-print-1024x684.jpg\" alt=\"\" width=\"1024\" height=\"684\" srcset=\"https:\/\/akks.no\/bergen\/files\/2022\/06\/Kristoffer_Oen-2022-06-03-DEF_5212-print-1024x684.jpg 1024w, https:\/\/akks.no\/bergen\/files\/2022\/06\/Kristoffer_Oen-2022-06-03-DEF_5212-print-300x200.jpg 300w, https:\/\/akks.no\/bergen\/files\/2022\/06\/Kristoffer_Oen-2022-06-03-DEF_5212-print-768x513.jpg 768w, https:\/\/akks.no\/bergen\/files\/2022\/06\/Kristoffer_Oen-2022-06-03-DEF_5212-print-1536x1025.jpg 1536w, https:\/\/akks.no\/bergen\/files\/2022\/06\/Kristoffer_Oen-2022-06-03-DEF_5212-print-2048x1367.jpg 2048w, https:\/\/akks.no\/bergen\/files\/2022\/06\/Kristoffer_Oen-2022-06-03-DEF_5212-print-720x480.jpg 720w, https:\/\/akks.no\/bergen\/files\/2022\/06\/Kristoffer_Oen-2022-06-03-DEF_5212-print-600x401.jpg 600w\" sizes=\"(max-width: 1024px) 100vw, 1024px\" \/>    <figcaption class=\"caption wp-caption-text\">Twisted Days-vokalist Marte vant Beste vokalist!<\/figcaption>\n<\/figure>\n<figure id=\"attachment_4949\" class=\"thumbnail wp-caption alignnone\" style=\"max-width: 1024px;\">\n    <img loading=\"lazy\" class=\"wp-image-4949 size-large\" src=\"http:\/\/akks.no\/bergen\/files\/2022\/06\/Kristoffer_Oen-2022-06-03-DEF_5228-print-1024x684.jpg\" alt=\"\" width=\"1024\" height=\"684\" srcset=\"https:\/\/akks.no\/bergen\/files\/2022\/06\/Kristoffer_Oen-2022-06-03-DEF_5228-print-1024x684.jpg 1024w, https:\/\/akks.no\/bergen\/files\/2022\/06\/Kristoffer_Oen-2022-06-03-DEF_5228-print-300x200.jpg 300w, https:\/\/akks.no\/bergen\/files\/2022\/06\/Kristoffer_Oen-2022-06-03-DEF_5228-print-768x513.jpg 768w, https:\/\/akks.no\/bergen\/files\/2022\/06\/Kristoffer_Oen-2022-06-03-DEF_5228-print-1536x1025.jpg 1536w, https:\/\/akks.no\/bergen\/files\/2022\/06\/Kristoffer_Oen-2022-06-03-DEF_5228-print-2048x1367.jpg 2048w, https:\/\/akks.no\/bergen\/files\/2022\/06\/Kristoffer_Oen-2022-06-03-DEF_5228-print-720x480.jpg 720w, https:\/\/akks.no\/bergen\/files\/2022\/06\/Kristoffer_Oen-2022-06-03-DEF_5228-print-600x401.jpg 600w\" sizes=\"(max-width: 1024px) 100vw, 1024px\" \/>    <figcaption class=\"caption wp-caption-text\">Pachinko vant 2. plass under \u00e5rets festival!<\/figcaption>\n<\/figure>\n<figure id=\"attachment_4943\" class=\"thumbnail wp-caption alignnone\" style=\"max-width: 1024px;\">\n    <img loading=\"lazy\" class=\"wp-image-4943 size-large\" src=\"http:\/\/akks.no\/bergen\/files\/2022\/06\/Kristoffer_Oen-2022-06-03-DEF_5233-print-1024x684.jpg\" alt=\"\" width=\"1024\" height=\"684\" srcset=\"https:\/\/akks.no\/bergen\/files\/2022\/06\/Kristoffer_Oen-2022-06-03-DEF_5233-print-1024x684.jpg 1024w, https:\/\/akks.no\/bergen\/files\/2022\/06\/Kristoffer_Oen-2022-06-03-DEF_5233-print-300x200.jpg 300w, https:\/\/akks.no\/bergen\/files\/2022\/06\/Kristoffer_Oen-2022-06-03-DEF_5233-print-768x513.jpg 768w, https:\/\/akks.no\/bergen\/files\/2022\/06\/Kristoffer_Oen-2022-06-03-DEF_5233-print-1536x1025.jpg 1536w, https:\/\/akks.no\/bergen\/files\/2022\/06\/Kristoffer_Oen-2022-06-03-DEF_5233-print-2048x1367.jpg 2048w, https:\/\/akks.no\/bergen\/files\/2022\/06\/Kristoffer_Oen-2022-06-03-DEF_5233-print-720x480.jpg 720w, https:\/\/akks.no\/bergen\/files\/2022\/06\/Kristoffer_Oen-2022-06-03-DEF_5233-print-600x401.jpg 600w\" sizes=\"(max-width: 1024px) 100vw, 1024px\" \/>    <figcaption class=\"caption wp-caption-text\">Vepsestikk vant 1. plass og Vill Vill Vest-prisen under \u00e5rets Eggstock!<\/figcaption>\n<\/figure>\n<p>\u00d8nsker du \u00e5 se flere bilder? Se bildene som en av v\u00e5re frivillige, Edith tok <a href=\"https:\/\/www.flickr.com\/photos\/193808963@N02\/albums\/72177720299474418\/with\/52124204447\/\">her<\/a>.<\/p>\n<hr \/>\n<h4><\/h4>\n<h4>Tusen takk!<\/h4>\n<p>Tusen takk til alle artister, juryen, sponsorene, frivillige og publikum som var en del av Eggstockfestivalen 2022. Vi gleder oss allerede til neste \u00e5r!<\/p>\n<p>&nbsp;<\/p>\n<hr \/>\n<h4><\/h4>\n<h4>\u00d8nsker du \u00e5 melde deg p\u00e5 Eggstock 2023?<\/h4>\n<p>Vi \u00e5pner artistp\u00e5meldingen 1. februar!<\/p>\n<p>F\u00f8lg AKKS Bergen og Eggstock p\u00e5 Facebook og Instagram for oppdateringer: @akksbergen.<\/p>\n<p>&nbsp;<\/p>\n<hr \/>\n<p>&nbsp;<\/p>\n","protected":false},"excerpt":{"rendered":"<p>Eggstock 2022 Hipp hurra for vel overst\u00e5tt Eggstock! Vi kunne ikke v\u00e6rt mer forn\u00f8yde med verken artister, publikum eller frivillige. Niv\u00e5et p\u00e5 \u00e5rets artister var skyh\u00f8yt, og vi i AKKS Bergen er s\u00e5 stolte over \u00e5 kunne gi en s\u00e5 talentfull gjeng en scene for \u00e5 vise alt de er gode for. For det er [&hellip;]<\/p>\n","protected":false},"author":5,"featured_media":4934,"comment_status":"closed","ping_status":"closed","sticky":false,"template":"","format":"standard","meta":[],"categories":[1,65],"tags":[153,157,152,154],"_links":{"self":[{"href":"https:\/\/akks.no\/bergen\/wp-json\/wp\/v2\/posts\/4913"}],"collection":[{"href":"https:\/\/akks.no\/bergen\/wp-json\/wp\/v2\/posts"}],"about":[{"href":"https:\/\/akks.no\/bergen\/wp-json\/wp\/v2\/types\/post"}],"author":[{"embeddable":true,"href":"https:\/\/akks.no\/bergen\/wp-json\/wp\/v2\/users\/5"}],"replies":[{"embeddable":true,"href":"https:\/\/akks.no\/bergen\/wp-json\/wp\/v2\/comments?post=4913"}],"version-history":[{"count":8,"href":"https:\/\/akks.no\/bergen\/wp-json\/wp\/v2\/posts\/4913\/revisions"}],"predecessor-version":[{"id":4972,"href":"https:\/\/akks.no\/bergen\/wp-json\/wp\/v2\/posts\/4913\/revisions\/4972"}],"wp:featuredmedia":[{"embeddable":true,"href":"https:\/\/akks.no\/bergen\/wp-json\/wp\/v2\/media\/4934"}],"wp:attachment":[{"href":"https:\/\/akks.no\/bergen\/wp-json\/wp\/v2\/media?parent=4913"}],"wp:term":[{"taxonomy":"category","embeddable":true,"href":"https:\/\/akks.no\/bergen\/wp-json\/wp\/v2\/categories?post=4913"},{"taxonomy":"post_tag","embeddable":true,"href":"https:\/\/akks.no\/bergen\/wp-json\/wp\/v2\/tags?post=4913"}],"curies":[{"name":"wp","href":"https:\/\/api.w.org\/{rel}","templated":true}]}}