{"id":4739,"date":"2022-05-12T12:00:11","date_gmt":"2022-05-12T10:00:11","guid":{"rendered":"\/bergen\/?p=4739"},"modified":"2022-05-12T14:20:22","modified_gmt":"2022-05-12T12:20:22","slug":"eggstockfestivalen-2022","status":"publish","type":"post","link":"\/bergen\/2022\/05\/12\/eggstockfestivalen-2022\/","title":{"rendered":"Eggstockfestivalen 2022"},"content":{"rendered":"<h2>To \u00e5r siden ordin\u00e6r festival<\/h2>\n<p>Tenk at det er to \u00e5r siden vi hadde en ordin\u00e6r Eggstockfestival. De to foreg\u00e5ende \u00e5rene har festivalen v\u00e6rt preget av korona. I 2020 m\u00e5tte vi avlyse hele festivalen fordi det var s\u00e5 strenge restriksjoner, og i 2021 m\u00e5tte vi gj\u00f8re om p\u00e5 konseptet slik at vi kunne oppfylle kravene for smittevern \u2013 noe som gjorde at vi m\u00e5tte kutte ned p\u00e5 antall artister og stenge festivalen for publikum. Derfor er det vel ikke overraskende at vi gleder oss EKSTRA mye til festivalen i \u00e5r! Vi er s\u00e5 klare for en festival med masse publikum, artister, musikk, nye vennskap og ingen \u00e9n meters-regel!<\/p>\n<h3><img loading=\"lazy\" class=\"alignnone size-large wp-image-4740\" src=\"http:\/\/akks.no\/bergen\/files\/2022\/05\/festivalbanner_1200x628-1024x536.jpg\" alt=\"\" width=\"1024\" height=\"536\" srcset=\"https:\/\/akks.no\/bergen\/files\/2022\/05\/festivalbanner_1200x628-1024x536.jpg 1024w, https:\/\/akks.no\/bergen\/files\/2022\/05\/festivalbanner_1200x628-300x157.jpg 300w, https:\/\/akks.no\/bergen\/files\/2022\/05\/festivalbanner_1200x628-768x402.jpg 768w, https:\/\/akks.no\/bergen\/files\/2022\/05\/festivalbanner_1200x628-600x314.jpg 600w, https:\/\/akks.no\/bergen\/files\/2022\/05\/festivalbanner_1200x628.jpg 1200w\" sizes=\"(max-width: 1024px) 100vw, 1024px\" \/><\/h3>\n<h2>Eggstockfestivalen 2022<\/h2>\n<p>Festivalen g\u00e5r i \u00e5r av stabelen 1. &#8211; 3. juni i Teglverket p\u00e5 Kvarteret. Det er 23 fantastiske artister p\u00e5 \u00e5rets scene, og de er som f\u00f8lger:<\/p>\n<p>Benc \/\u00a0Blueboy \/\u00a0C. AYA \/\u00a0CDG Kennedy \/Combi Rebelz \/\u00a0EDOT Lawrence \/\u00a0Fashion Victims \/\u00a0Hedda Dalen\u00a0\/ Ida S\u00e6len Holt\u00e5s \/\u00a0Industrial Light \/\u00a0Mathias Trekk &amp; Audiotene \/\u00a0Marie Webberg \/\u00a0Naade \/\u00a0Pachinko \/\u00a0PROJECT: Beyond \/\u00a0Sebastian Helles\u00f8y \/\u00a0Takstein \/\u00a0Theodor Lucero \/\u00a0The Roulettes \/\u00a0Twisted Days \/\u00a0Vepsestikk\u00a0\/ Vilde Vester \/\u00a0YELLOW<\/p>\n<p>Du finner mer informasjon om artistene p\u00e5 Eggstock sin Facebook og Instagram!<\/p>\n<p>Vi anbefaler selvf\u00f8lgelig alle \u00e5 ta turen innom festivalen for \u00e5 oppdage den neste b\u00f8lgen med artister som skal sette sitt preg p\u00e5 musikkscenen de kommende \u00e5r! P\u00e5 Eggstock f\u00e5r du muligheten til \u00e5 oppdage artister f\u00f8r de fleste andre.<\/p>\n<h4>Fri alder<\/h4>\n<p>Festivalen har fri alder, s\u00e5 her kommer ogs\u00e5 ungdom under 18 \u00e5r inn uten verge. Billettprisene er lave, og man har mulighet til \u00e5 bruke Aktivitetskortet fra Bergen Kommune dersom \u00f8konomi er et hinder. Du kan kj\u00f8pe billetter <a href=\"http:\/\/www.akks.ticketco.events\/no\/nb\/e\/eggstockfestivalen_2022\">her<\/a>.<\/p>\n<figure id=\"attachment_4747\" class=\"thumbnail wp-caption alignnone\" style=\"max-width: 1038px;\">\n    <img loading=\"lazy\" class=\"wp-image-4747 size-full\" src=\"http:\/\/akks.no\/bergen\/files\/2022\/05\/boy_pablo_2016_KristofferOen.jpg\" alt=\"boy pablo vinner Eggstock 2016. Foto: Kristoffer \u00d8en\" width=\"1038\" height=\"689\" srcset=\"https:\/\/akks.no\/bergen\/files\/2022\/05\/boy_pablo_2016_KristofferOen.jpg 1038w, https:\/\/akks.no\/bergen\/files\/2022\/05\/boy_pablo_2016_KristofferOen-300x199.jpg 300w, https:\/\/akks.no\/bergen\/files\/2022\/05\/boy_pablo_2016_KristofferOen-1024x680.jpg 1024w, https:\/\/akks.no\/bergen\/files\/2022\/05\/boy_pablo_2016_KristofferOen-768x510.jpg 768w, https:\/\/akks.no\/bergen\/files\/2022\/05\/boy_pablo_2016_KristofferOen-600x398.jpg 600w\" sizes=\"(max-width: 1038px) 100vw, 1038px\" \/>    <figcaption class=\"caption wp-caption-text\">boy pablo vinner Eggstock 2016. Foto: Kristoffer \u00d8en<\/figcaption>\n<\/figure>\n<h3><\/h3>\n<h2>Pauseband: boy pablo<\/h2>\n<p>Hvert \u00e5r booker vi inn et pauseband som skal spille p\u00e5 fredagen mens juryen bestemmer hvem som vinner Eggstockfestivalen.<\/p>\n<p>I \u00e5r har vi klart \u00e5 booke <strong>boy pablo<\/strong>! Det er en stor \u00e6re \u00e5 f\u00e5 denne fantastiske artisten p\u00e5 scenen, og litt ekstra spesielt siden han selv var deltaker p\u00e5 Eggstockfestivalen i 2016. boy pablo gikk av med b\u00e5de seieren, publikumsprisen og Vill Vill Vest-prisen! N\u00e5 har han 4 millioner m\u00e5nedlige lyttere p\u00e5 Spotify, over en million avspillinger p\u00e5 l\u00e5tene sine og spiller konserter i hele verden. Vi gleder oss til \u00e5 se han nok en gang p\u00e5 Eggstock-scenen, men denne gangen som en veletablert og suksessrik artist!<\/p>\n<p>&laquo;Den 23 \u00e5r gamle l\u00e5tskriveren og multiinstrumentalisten Nicolas Mu\u00f1oz, bedre kjent som <strong>boy pablo<\/strong>, st\u00e5r bak internasjonale indiehits som \u00abhey girl\u00bb, \u00abDance, Baby\u00bb og \u00abFeeling Lonely\u00bb. Etter en lang pandemi med studiosessions og livestreaming er han tilbake og klar for \u00e5 dele debutalbumet <em>Wachito Rico<\/em> live.&raquo;<\/p>\n<p><img loading=\"lazy\" class=\"alignnone wp-image-4749 size-large\" src=\"http:\/\/akks.no\/bergen\/files\/2022\/05\/boy-pablo-2-foto-kred-Abraham-Recio-1024x1024.jpg\" alt=\"\" width=\"1024\" height=\"1024\" srcset=\"https:\/\/akks.no\/bergen\/files\/2022\/05\/boy-pablo-2-foto-kred-Abraham-Recio-1024x1024.jpg 1024w, https:\/\/akks.no\/bergen\/files\/2022\/05\/boy-pablo-2-foto-kred-Abraham-Recio-300x300.jpg 300w, https:\/\/akks.no\/bergen\/files\/2022\/05\/boy-pablo-2-foto-kred-Abraham-Recio-150x150.jpg 150w, https:\/\/akks.no\/bergen\/files\/2022\/05\/boy-pablo-2-foto-kred-Abraham-Recio-768x768.jpg 768w, https:\/\/akks.no\/bergen\/files\/2022\/05\/boy-pablo-2-foto-kred-Abraham-Recio-1536x1536.jpg 1536w, https:\/\/akks.no\/bergen\/files\/2022\/05\/boy-pablo-2-foto-kred-Abraham-Recio-600x600.jpg 600w, https:\/\/akks.no\/bergen\/files\/2022\/05\/boy-pablo-2-foto-kred-Abraham-Recio-100x100.jpg 100w, https:\/\/akks.no\/bergen\/files\/2022\/05\/boy-pablo-2-foto-kred-Abraham-Recio.jpg 1848w\" sizes=\"(max-width: 1024px) 100vw, 1024px\" \/><\/p>\n<p>&nbsp;<\/p>\n<h2>Konferansier: KAMARA<\/h2>\n<p>Kamara er f\u00f8rst og fremst en fantastisk artist, men i \u00e5r st\u00e5r hun som konferansier p\u00e5 Eggstockfestivalen! \u00a0Vi er s\u00e5 glad for \u00e5 ha f\u00e5tt en s\u00e5 karismatisk person til \u00e5 guide oss gjennom dagene p\u00e5 festivalen.<\/p>\n<figure id=\"attachment_4750\" class=\"thumbnail wp-caption alignnone\" style=\"max-width: 1024px;\">\n    <img loading=\"lazy\" class=\"size-large wp-image-4750\" src=\"http:\/\/akks.no\/bergen\/files\/2022\/05\/Pressebilde_banner-Ida-Fiskaa-Carry-You-Home-1024x1024-1-1024x1024.jpg\" alt=\"Foto: Ida Fiskaa\" width=\"1024\" height=\"1024\" srcset=\"https:\/\/akks.no\/bergen\/files\/2022\/05\/Pressebilde_banner-Ida-Fiskaa-Carry-You-Home-1024x1024-1.jpg 1024w, https:\/\/akks.no\/bergen\/files\/2022\/05\/Pressebilde_banner-Ida-Fiskaa-Carry-You-Home-1024x1024-1-300x300.jpg 300w, https:\/\/akks.no\/bergen\/files\/2022\/05\/Pressebilde_banner-Ida-Fiskaa-Carry-You-Home-1024x1024-1-150x150.jpg 150w, https:\/\/akks.no\/bergen\/files\/2022\/05\/Pressebilde_banner-Ida-Fiskaa-Carry-You-Home-1024x1024-1-768x768.jpg 768w, https:\/\/akks.no\/bergen\/files\/2022\/05\/Pressebilde_banner-Ida-Fiskaa-Carry-You-Home-1024x1024-1-600x600.jpg 600w, https:\/\/akks.no\/bergen\/files\/2022\/05\/Pressebilde_banner-Ida-Fiskaa-Carry-You-Home-1024x1024-1-100x100.jpg 100w\" sizes=\"(max-width: 1024px) 100vw, 1024px\" \/>    <figcaption class=\"caption wp-caption-text\">Foto: Ida Fiskaa<\/figcaption>\n<\/figure>\n<p>&nbsp;<\/p>\n<h2>Vil du v\u00e6re frivillig p\u00e5 Eggstockfestivalen?<\/h2>\n<p>Eggstockfestivalen trenger flere frivillige! \u00d8nsker du \u00e5 bidra til Vestlandets beste festival for up-and-coming artister? Meld deg p\u00e5 som frivillig! Hos Eggstock er alder ingen hindring, og vi er ogs\u00e5 \u00e5pen for ungdom under 18 \u00e5r.<\/p>\n<p>Hos oss f\u00e5r du festivalpass, t-skjorte, god erfaring fra musikkbransjen og festivalavviklingen, fantastiske konsertopplevelser, nye venner og gratis inngang p\u00e5 Eggstock Etterfest i august.<\/p>\n<p>Vi har en rekke oppgaver du kan gj\u00f8re: billettsalg, vertskap, vakthold, ordensvakter, trivselsvakter \u00a0og mye mer! Er det noe spesifikt du \u00f8nsker \u00e5 bidra med kan dette spesifiseres i s\u00f8knadsskjemaet. Festivalen benytter seg av et rulleringssystem som gj\u00f8r at man f\u00e5r v\u00e6re innom mange ulike oppgaver, dersom man ikke har noen \u00f8nsker. Man jobber minst to dager.<\/p>\n<p>H\u00f8res det g\u00f8y ut? Les mer og meld deg opp <a href=\"https:\/\/www.eggstock.no\/frivilligpamelding\">her<\/a>.<\/p>\n<figure id=\"attachment_4753\" class=\"thumbnail wp-caption alignnone\" style=\"max-width: 1024px;\">\n    <img loading=\"lazy\" class=\"size-large wp-image-4753\" src=\"http:\/\/akks.no\/bergen\/files\/2022\/05\/Stemning_Eggstockfestivalen_18_dag_3_web_Cecilie_Bannow-All-rights-Reserved-1322-1024x684.jpg\" alt=\"Foto: Cecilie Bannow\" width=\"1024\" height=\"684\" srcset=\"https:\/\/akks.no\/bergen\/files\/2022\/05\/Stemning_Eggstockfestivalen_18_dag_3_web_Cecilie_Bannow-All-rights-Reserved-1322-1024x684.jpg 1024w, https:\/\/akks.no\/bergen\/files\/2022\/05\/Stemning_Eggstockfestivalen_18_dag_3_web_Cecilie_Bannow-All-rights-Reserved-1322-300x200.jpg 300w, https:\/\/akks.no\/bergen\/files\/2022\/05\/Stemning_Eggstockfestivalen_18_dag_3_web_Cecilie_Bannow-All-rights-Reserved-1322-768x513.jpg 768w, https:\/\/akks.no\/bergen\/files\/2022\/05\/Stemning_Eggstockfestivalen_18_dag_3_web_Cecilie_Bannow-All-rights-Reserved-1322-1536x1025.jpg 1536w, https:\/\/akks.no\/bergen\/files\/2022\/05\/Stemning_Eggstockfestivalen_18_dag_3_web_Cecilie_Bannow-All-rights-Reserved-1322-720x480.jpg 720w, https:\/\/akks.no\/bergen\/files\/2022\/05\/Stemning_Eggstockfestivalen_18_dag_3_web_Cecilie_Bannow-All-rights-Reserved-1322-600x400.jpg 600w, https:\/\/akks.no\/bergen\/files\/2022\/05\/Stemning_Eggstockfestivalen_18_dag_3_web_Cecilie_Bannow-All-rights-Reserved-1322.jpg 2048w\" sizes=\"(max-width: 1024px) 100vw, 1024px\" \/>    <figcaption class=\"caption wp-caption-text\">Foto: Cecilie Bannow<\/figcaption>\n<\/figure>\n<h2>Lenker<\/h2>\n<p>Dere finner Facebook-arrangementet <a href=\"https:\/\/fb.me\/e\/4HFUxVILL\">her<\/a>.<\/p>\n<p>Billetter kan kj\u00f8pes <a href=\"http:\/\/www.akks.ticketco.events\/no\/nb\/e\/eggstockfestivalen_2022\">her<\/a>.<\/p>\n<p>P\u00e5meldingsskjema frivillige finner dere <a href=\"https:\/\/docs.google.com\/forms\/d\/e\/1FAIpQLSdBtNf5tqb6QaM5BTW2xjU_ijoJ9YZNz4NcRA7jNSu7MaWcFg\/viewform\">her<\/a>.<\/p>\n<p>&nbsp;<\/p>\n<h3>H\u00e5per at vi sees p\u00e5 Eggstockfestivalen 2022!<\/h3>\n<p>&nbsp;<\/p>\n","protected":false},"excerpt":{"rendered":"<p>AKKS Bergen er stolt arrang\u00f8r av Eggstockfestivalen, og om under \u00e9n m\u00e5ned g\u00e5r festivalen av stabelen!<\/p>\n","protected":false},"author":5,"featured_media":4742,"comment_status":"closed","ping_status":"closed","sticky":false,"template":"","format":"standard","meta":[],"categories":[1,65],"tags":[54,153,152,154,156,155,77,82],"_links":{"self":[{"href":"https:\/\/akks.no\/bergen\/wp-json\/wp\/v2\/posts\/4739"}],"collection":[{"href":"https:\/\/akks.no\/bergen\/wp-json\/wp\/v2\/posts"}],"about":[{"href":"https:\/\/akks.no\/bergen\/wp-json\/wp\/v2\/types\/post"}],"author":[{"embeddable":true,"href":"https:\/\/akks.no\/bergen\/wp-json\/wp\/v2\/users\/5"}],"replies":[{"embeddable":true,"href":"https:\/\/akks.no\/bergen\/wp-json\/wp\/v2\/comments?post=4739"}],"version-history":[{"count":7,"href":"https:\/\/akks.no\/bergen\/wp-json\/wp\/v2\/posts\/4739\/revisions"}],"predecessor-version":[{"id":4760,"href":"https:\/\/akks.no\/bergen\/wp-json\/wp\/v2\/posts\/4739\/revisions\/4760"}],"wp:featuredmedia":[{"embeddable":true,"href":"https:\/\/akks.no\/bergen\/wp-json\/wp\/v2\/media\/4742"}],"wp:attachment":[{"href":"https:\/\/akks.no\/bergen\/wp-json\/wp\/v2\/media?parent=4739"}],"wp:term":[{"taxonomy":"category","embeddable":true,"href":"https:\/\/akks.no\/bergen\/wp-json\/wp\/v2\/categories?post=4739"},{"taxonomy":"post_tag","embeddable":true,"href":"https:\/\/akks.no\/bergen\/wp-json\/wp\/v2\/tags?post=4739"}],"curies":[{"name":"wp","href":"https:\/\/api.w.org\/{rel}","templated":true}]}}