{"id":4106,"date":"2022-02-01T11:18:58","date_gmt":"2022-02-01T10:18:58","guid":{"rendered":"\/bergen\/?p=4106"},"modified":"2022-02-01T13:06:52","modified_gmt":"2022-02-01T12:06:52","slug":"artistpameldingen-til-eggstock-2022-apner-idag","status":"publish","type":"post","link":"\/bergen\/2022\/02\/01\/artistpameldingen-til-eggstock-2022-apner-idag\/","title":{"rendered":"Artistp\u00e5meldingen til Eggstock 2022 \u00e5pner i dag"},"content":{"rendered":"<h3>EGGSTOCKFESTIVALEN 2022 (1. &#8211; 3. JUNI)<\/h3>\n<p>AKKS Bergen har siden 2001 v\u00e6rt stolt arrang\u00f8r av\u00a0Eggstockfestivalen! Eggstockfestivalen er et springbrett for unge talenter i Vestland og det er plass til 24 band hvert \u00e5r som booker seg selv inn etter \u201df\u00f8rstemann til m\u00f8lla\u00bb-prinsippet. Festivalen arrangeres som en konkurranse med to innledende dager og en finaledag, der ti av de deltakende bandene opptrer. Det blir k\u00e5ret en 1. , 2. og 3. plass, og disse f\u00e5r premier som kan hjelpe dem \u00e5 ta steget videre i sin karriere.<\/p>\n<h4 style=\"text-align: center;\"><strong>ARTISTP\u00c5MELDING \u00c5PNER I DAG KL 17:00!\u00a0<\/strong><\/h4>\n<figure id=\"attachment_4115\" class=\"thumbnail wp-caption aligncenter\" style=\"max-width: 460px;\">\n    <img loading=\"lazy\" class=\"wp-image-4115\" src=\"http:\/\/akks.no\/bergen\/files\/2022\/02\/Kristoffer_Oen-Nico-Dyl-DEF_5254-print-1024x684.jpg\" alt=\"Foto: Kristoffer \u00d8en\" width=\"460\" height=\"307\" srcset=\"https:\/\/akks.no\/bergen\/files\/2022\/02\/Kristoffer_Oen-Nico-Dyl-DEF_5254-print-1024x684.jpg 1024w, https:\/\/akks.no\/bergen\/files\/2022\/02\/Kristoffer_Oen-Nico-Dyl-DEF_5254-print-300x200.jpg 300w, https:\/\/akks.no\/bergen\/files\/2022\/02\/Kristoffer_Oen-Nico-Dyl-DEF_5254-print-768x513.jpg 768w, https:\/\/akks.no\/bergen\/files\/2022\/02\/Kristoffer_Oen-Nico-Dyl-DEF_5254-print-1536x1025.jpg 1536w, https:\/\/akks.no\/bergen\/files\/2022\/02\/Kristoffer_Oen-Nico-Dyl-DEF_5254-print-2048x1367.jpg 2048w, https:\/\/akks.no\/bergen\/files\/2022\/02\/Kristoffer_Oen-Nico-Dyl-DEF_5254-print-720x480.jpg 720w, https:\/\/akks.no\/bergen\/files\/2022\/02\/Kristoffer_Oen-Nico-Dyl-DEF_5254-print-600x401.jpg 600w\" sizes=\"(max-width: 460px) 100vw, 460px\" \/>    <figcaption class=\"caption wp-caption-text\">Foto: Kristoffer \u00d8en<\/figcaption>\n<\/figure>\n<h3>P\u00c5MELDING<\/h3>\n<p>Siden festivalen f\u00f8lger &laquo;f\u00f8rstemann til m\u00f8lla&raquo;-prinsippet er det viktig \u00e5 v\u00e6re tidlig ute for \u00e5 sikre seg en plass p\u00e5 festivalen! Man melder seg p\u00e5 via <a href=\"https:\/\/www.checkin.no\/event\/39682\/paamelding-eggstockfestivalen-2022\">Checkin<\/a>.<\/p>\n<p>P\u00e5 Eggstock sin <a href=\"https:\/\/www.eggstock.no\/artistpamelding\">hjemmeside<\/a> finner du en oppskrift p\u00e5 hvordan man melder seg p\u00e5.<\/p>\n<h4>Kan du melde deg p\u00e5?<\/h4>\n<p><span style=\"text-decoration: underline;\">Det er flere kriterier for \u00e5 kunne spille p\u00e5 Eggstockfestivalen:<\/span><\/p>\n<p>\u2013<span class=\"sqsrte-text-color--darkAccent\"> Bandet m\u00e5 v\u00e6re tilgjengelig til \u00e5 spille p\u00e5 de innledende rundene og finalen (to dager tilsammen).<\/span><\/p>\n<p class=\"sqsrte-large preFade fadeIn\"><span class=\"sqsrte-text-color--darkAccent\">\u2013 2\/3 av medlemmer i bandet m\u00e5 v\u00e6re under 26 \u00e5r. Soloartister m\u00e5 v\u00e6re under 26 \u00e5r.<\/span><\/p>\n<p class=\"sqsrte-large preFade fadeIn\"><span class=\"sqsrte-text-color--darkAccent\">\u2013 Kun egenkomponert materiale kan framf\u00f8res.<\/span><\/p>\n<p class=\"sqsrte-large preFade fadeIn\"><span class=\"sqsrte-text-color--darkAccent\">\u2013 Deltakende artister m\u00e5 ha en tilknytning til Vestland (f.eks. bosted og\/eller opphav)<\/span><\/p>\n<p class=\"sqsrte-large preFade fadeIn\"><span class=\"sqsrte-text-color--darkAccent\">\u2013 P\u00e5melding koster 500,- pr band (faktura sendes p\u00e5 mail). Dette inkluderer <a href=\"http:\/\/akks.no\/medlemsfordeler\">medlemskap<\/a> i\u00a0<\/span><span class=\"sqsrte-text-color--darkAccent\"><strong>AKKS<\/strong><\/span><span class=\"sqsrte-text-color--darkAccent\">\u00a0for alle i bandet.<\/span><\/p>\n<p class=\"sqsrte-large preFade fadeIn\"><span class=\"sqsrte-text-color--darkAccent\">\u2013 P\u00e5meldingen er bindende. Dersom man blir n\u00f8dt til \u00e5 avlyse sin opptreden refunderes ikke p\u00e5meldingsavgiften.<\/span><\/p>\n<p class=\"sqsrte-large preFade fadeIn\"><span class=\"sqsrte-text-color--darkAccent\">\u2013 Bandet m\u00e5 oppgi riktige opplysninger (som f.eks. personalia og bandnavn) i p\u00e5meldingsskjemaet.<\/span><\/p>\n<p class=\"sqsrte-large preFade fadeIn\"><span class=\"sqsrte-text-color--darkAccent\">\u2013\u00a0Bandet m\u00e5 v\u00e6re uetablert ved p\u00e5melding. Dette betyr dere ikke kan ha profesjonelt management, bookingbyr\u00e5 eller platekontrakt.<\/span><\/p>\n<p class=\"sqsrte-large preFade fadeIn\"><span class=\"sqsrte-text-color--darkAccent\">\u2013 Musikere\u00a0kan kun opptre i\u00a0\u00e9n\u00a0bandkonstellasjon.\u00a0Unntak fra regelen kan forekomme.<\/span><\/p>\n<h5>Sp\u00f8rsm\u00e5l om kriteriene kan sendes til hallo@eggstock.no<\/h5>\n<figure id=\"attachment_4108\" class=\"thumbnail wp-caption aligncenter\" style=\"max-width: 560px;\">\n    <img loading=\"lazy\" class=\"Foto: Kristoffer \u00d8en wp-image-4108 \" title=\"Foto: Kristoffer \u00d8en\" src=\"http:\/\/akks.no\/bergen\/files\/2022\/02\/Kristoffer_Oen-CCA-Jonas-DEF_4149-print-1024x731.jpg\" alt=\"CCA Jonas. Foto: Kristoffer \u00d8en\" width=\"560\" height=\"400\" srcset=\"https:\/\/akks.no\/bergen\/files\/2022\/02\/Kristoffer_Oen-CCA-Jonas-DEF_4149-print-1024x731.jpg 1024w, https:\/\/akks.no\/bergen\/files\/2022\/02\/Kristoffer_Oen-CCA-Jonas-DEF_4149-print-300x214.jpg 300w, https:\/\/akks.no\/bergen\/files\/2022\/02\/Kristoffer_Oen-CCA-Jonas-DEF_4149-print-768x549.jpg 768w, https:\/\/akks.no\/bergen\/files\/2022\/02\/Kristoffer_Oen-CCA-Jonas-DEF_4149-print-1536x1097.jpg 1536w, https:\/\/akks.no\/bergen\/files\/2022\/02\/Kristoffer_Oen-CCA-Jonas-DEF_4149-print-2048x1463.jpg 2048w, https:\/\/akks.no\/bergen\/files\/2022\/02\/Kristoffer_Oen-CCA-Jonas-DEF_4149-print-600x429.jpg 600w\" sizes=\"(max-width: 560px) 100vw, 560px\" \/>    <figcaption class=\"caption wp-caption-text\">CCA Jonas. Foto: Kristoffer \u00d8en<\/figcaption>\n<\/figure>\n<h4>Mer informasjon p\u00e5 Eggstock sin hjemmeside: <a href=\"http:\/\/www.eggstock.no\">www.eggstock.no<\/a><\/h4>\n<p>&nbsp;<\/p>\n","protected":false},"excerpt":{"rendered":"<p>Sitt klar i dag, tirsdag 1. februar kl. 17 for \u00e5 sikre deg en plass p\u00e5 Eggstockfestivalen!<\/p>\n","protected":false},"author":5,"featured_media":4120,"comment_status":"closed","ping_status":"closed","sticky":false,"template":"","format":"standard","meta":[],"categories":[65],"tags":[],"_links":{"self":[{"href":"https:\/\/akks.no\/bergen\/wp-json\/wp\/v2\/posts\/4106"}],"collection":[{"href":"https:\/\/akks.no\/bergen\/wp-json\/wp\/v2\/posts"}],"about":[{"href":"https:\/\/akks.no\/bergen\/wp-json\/wp\/v2\/types\/post"}],"author":[{"embeddable":true,"href":"https:\/\/akks.no\/bergen\/wp-json\/wp\/v2\/users\/5"}],"replies":[{"embeddable":true,"href":"https:\/\/akks.no\/bergen\/wp-json\/wp\/v2\/comments?post=4106"}],"version-history":[{"count":7,"href":"https:\/\/akks.no\/bergen\/wp-json\/wp\/v2\/posts\/4106\/revisions"}],"predecessor-version":[{"id":4131,"href":"https:\/\/akks.no\/bergen\/wp-json\/wp\/v2\/posts\/4106\/revisions\/4131"}],"wp:featuredmedia":[{"embeddable":true,"href":"https:\/\/akks.no\/bergen\/wp-json\/wp\/v2\/media\/4120"}],"wp:attachment":[{"href":"https:\/\/akks.no\/bergen\/wp-json\/wp\/v2\/media?parent=4106"}],"wp:term":[{"taxonomy":"category","embeddable":true,"href":"https:\/\/akks.no\/bergen\/wp-json\/wp\/v2\/categories?post=4106"},{"taxonomy":"post_tag","embeddable":true,"href":"https:\/\/akks.no\/bergen\/wp-json\/wp\/v2\/tags?post=4106"}],"curies":[{"name":"wp","href":"https:\/\/api.w.org\/{rel}","templated":true}]}}