{"id":1663,"date":"2020-04-27T15:51:24","date_gmt":"2020-04-27T13:51:24","guid":{"rendered":"\/bergen\/?p=1663"},"modified":"2020-05-30T10:02:29","modified_gmt":"2020-05-30T08:02:29","slug":"vi-apner-ovingslokalene","status":"publish","type":"post","link":"\/bergen\/2020\/04\/27\/vi-apner-ovingslokalene\/","title":{"rendered":"\u00d8vingslokalene er \u00e5pne"},"content":{"rendered":"<p><strong>Fra mandag 27. april \u00e5pner vi opp igjen v\u00e5re fem \u00f8vingslokaler p\u00e5 USF Verftet, men med smitteverntiltak.\u00a0<\/strong><\/p>\n<p class=\"p1\"><span class=\"s1\">\u00d8vingslokalene leies kun ut til et<\/span><span class=\"s2\">t<\/span><span class=\"s1\"> band om dagen slik at vi f\u00e5r vasket og rengjort lokalene mellom \u00f8vende. Ettersom myndighetene har satt begrensninger p\u00e5 samlinger med flere enn fem personer, vil det kun v\u00e6re mulig \u00e5 \u00f8ve for\u00a0<\/span><span class=\"s3\">de som er fem eller f\u00e6rre i bandet avhengig av hvilke rom man \u00f8ver p\u00e5<\/span><span class=\"s1\">. P\u00e5 r<\/span><span class=\"s1\">om C er det kun tillatt med 1 person, p\u00e5 rom B 2 personer, p\u00e5 rom A er det tillatt med maks 3 personer, og p\u00e5 rom D og rom E er det tillatt med maks 5 personer.<\/span><\/p>\n<p class=\"p1\"><span class=\"s1\">Vi har begrenset med kapasitet p\u00e5 utleie. Rom D og rom E er forel\u00f8pig utleid til fast\u00f8vende stort sett hele uken. Man kan se hva som er ledig p\u00e5 <a href=\"https:\/\/akks.no\/bergen\/ovingslokaler\/\"><span class=\"s4\">v\u00e5r online kalender<\/span><\/a>.<\/span><\/p>\n<p class=\"p1\"><span class=\"s1\">For booking ta kontakt med oss via\u00a0<a href=\"https:\/\/www.cognitoforms.com\/AKKS1\/BookingskjemaOgGodkjenningAvSmittevernsregler\"><span class=\"s4\">dette online <\/span><span class=\"s5\">booking-skjemaet<\/span><\/a>, p\u00e5 <\/span><span class=\"s2\">e-post<\/span><span class=\"s1\">\u00a0<a href=\"mailto:kontoret@bergen.akks.no\"><span class=\"s4\">kontoret@bergen.akks.no<\/span><\/a>\u00a0eller telefon 55557555. Booking skjer kun i kontortid kl. 10-15 mandag til fredag.<\/span><\/p>\n<p class=\"p1\"><span class=\"s1\">Vi vurderer fortl\u00f8pende om vi klarer \u00e5 opprettholde gode smittevernsrutiner og er helt avhengig<\/span><span class=\"s2\">e<\/span><span class=\"s1\"> av at \u00f8vende f\u00f8lger smittevernstiltak<\/span><span class=\"s2\">ene<\/span><span class=\"s1\">. <\/span><span class=\"s2\">Dersom vi ikke<\/span><span class=\"s1\"> f\u00f8ler <\/span><span class=\"s2\">at<\/span><span class=\"s1\"> dette blir opprettholdt kan lokalene bli stengt igjen. Her er en oversikt over\u00a0<a href=\"http:\/\/akks.no\/bergen\/files\/2020\/04\/Plakat-om-smittevern-p\u00e5-\u00f8vingslokalet1-1.pdf\"><span class=\"s4\">v\u00e5re smittevernstiltak for \u00f8ving<\/span><\/a>.<\/span><\/p>\n<p>&nbsp;<\/p>\n<p class=\"p1\"><span class=\"s3\"><b>\u00d8vingslokalene holdes stengt f\u00f8lgende dager grunnet offentlig h\u00f8ytidsdag og helligdager<\/b><\/span><\/p>\n<p class=\"p1\"><span class=\"s1\">Vi f\u00e5r ikke vasket lokalene disse dagene, derfor holder \u00f8vingslokalene stengt.<\/span><\/p>\n<p class=\"p2\"><span class=\"s1\">Fredag 1. mai \u2013 Arbeidernes dag<br \/>\nS\u00f8ndag 17. mai \u2013 Grunnlovsdag<br \/>\nTorsdag 21. mai \u2013 Kristi himmelfartsdag<br \/>\nL\u00f8rdag 30. mai \u2013 Pinseaften<br \/>\nS\u00f8ndag 31. mai \u2013 1. pinsedag<br \/>\nMandag 1. juni \u2013 2. pinsedag<\/span><\/p>\n","protected":false},"excerpt":{"rendered":"<p>Fra mandag 27. april \u00e5pner vi opp igjen v\u00e5re fem \u00f8vingslokaler p\u00e5 USF Verftet, men med smitteverntiltak.\u00a0 \u00d8vingslokalene leies kun ut til ett band om dagen slik at vi f\u00e5r vasket og rengjort lokalene mellom \u00f8vende. Ettersom myndighetene har satt begrensninger p\u00e5 samlinger med flere enn fem personer, vil det kun v\u00e6re mulig \u00e5 \u00f8ve [&hellip;]<\/p>\n","protected":false},"author":5,"featured_media":424,"comment_status":"closed","ping_status":"closed","sticky":false,"template":"","format":"standard","meta":[],"categories":[1,68],"tags":[],"_links":{"self":[{"href":"https:\/\/akks.no\/bergen\/wp-json\/wp\/v2\/posts\/1663"}],"collection":[{"href":"https:\/\/akks.no\/bergen\/wp-json\/wp\/v2\/posts"}],"about":[{"href":"https:\/\/akks.no\/bergen\/wp-json\/wp\/v2\/types\/post"}],"author":[{"embeddable":true,"href":"https:\/\/akks.no\/bergen\/wp-json\/wp\/v2\/users\/5"}],"replies":[{"embeddable":true,"href":"https:\/\/akks.no\/bergen\/wp-json\/wp\/v2\/comments?post=1663"}],"version-history":[{"count":10,"href":"https:\/\/akks.no\/bergen\/wp-json\/wp\/v2\/posts\/1663\/revisions"}],"predecessor-version":[{"id":1799,"href":"https:\/\/akks.no\/bergen\/wp-json\/wp\/v2\/posts\/1663\/revisions\/1799"}],"wp:featuredmedia":[{"embeddable":true,"href":"https:\/\/akks.no\/bergen\/wp-json\/wp\/v2\/media\/424"}],"wp:attachment":[{"href":"https:\/\/akks.no\/bergen\/wp-json\/wp\/v2\/media?parent=1663"}],"wp:term":[{"taxonomy":"category","embeddable":true,"href":"https:\/\/akks.no\/bergen\/wp-json\/wp\/v2\/categories?post=1663"},{"taxonomy":"post_tag","embeddable":true,"href":"https:\/\/akks.no\/bergen\/wp-json\/wp\/v2\/tags?post=1663"}],"curies":[{"name":"wp","href":"https:\/\/api.w.org\/{rel}","templated":true}]}}