{"id":1545,"date":"2020-03-22T21:15:50","date_gmt":"2020-03-22T20:15:50","guid":{"rendered":"\/bergen\/?p=1545"},"modified":"2025-10-22T17:43:55","modified_gmt":"2025-10-22T15:43:55","slug":"kursdatoer-host-2020","status":"publish","type":"post","link":"\/bergen\/2020\/03\/22\/kursdatoer-host-2020\/","title":{"rendered":"Neste kurs starter opp i september &#8211; kursdagene er klare!"},"content":{"rendered":"<p>P\u00e5 bakgrunn av utviklingen i korona-pandemien har AKKS Bergen avlyst alle v\u00e5re resterende kurs dette semesteret. V\u00e5r neste kursperiode blir derfor til h\u00f8sten med kursoppstart i september og november.<\/p>\n<p>Vi jobber med \u00e5 f\u00e5 p\u00e5 plass p\u00e5meldingsskjema til disse kursene. \u00d8nsker du mer info send en e-post til <a href=\"mailto:kontoret@bergen.akks.no\">kontoret@bergen.akks.no<\/a> eller benytt <a href=\"https:\/\/forms.gle\/g5To5hesWv9RQT2F7\">dette interesseskjemaet<\/a> s\u00e5 vil vi ta kontakt n\u00e5r p\u00e5meldingsskjemaet er oppe.<\/p>\n<h2>Oversikt over kurs og kursdager h\u00f8st 2020<\/h2>\n<p><img loading=\"lazy\" class=\"alignnone size-large wp-image-1584\" src=\"http:\/\/akks.no\/bergen\/files\/2020\/03\/kursdager-h\u00f8st-2020-1024x449.png\" alt=\"\" width=\"1024\" height=\"449\" srcset=\"https:\/\/akks.no\/bergen\/files\/2020\/03\/kursdager-h\u00f8st-2020-1024x449.png 1024w, https:\/\/akks.no\/bergen\/files\/2020\/03\/kursdager-h\u00f8st-2020-300x132.png 300w, https:\/\/akks.no\/bergen\/files\/2020\/03\/kursdager-h\u00f8st-2020-768x337.png 768w, https:\/\/akks.no\/bergen\/files\/2020\/03\/kursdager-h\u00f8st-2020-600x263.png 600w, https:\/\/akks.no\/bergen\/files\/2020\/03\/kursdager-h\u00f8st-2020.png 1252w\" sizes=\"(max-width: 1024px) 100vw, 1024px\" \/><\/p>\n<p>&nbsp;<\/p>\n<p>Du kan laste ned kursoversikten her <a href=\"http:\/\/akks.no\/bergen\/files\/2020\/03\/Kursdager-2020.pdf\">Kursdager h\u00f8st 2020<\/a>.<\/p>\n<p>Det vil ogs\u00e5 bli satt opp en fireukers produsentworkshop med Paperclip Studios med oppstart tirsdag 21. september. <a href=\"https:\/\/akks.no\/bergen\/courses\/produsentkurs\/\">Les mer her!<\/a><\/p>\n<p>&nbsp;<\/p>\n","protected":false},"excerpt":{"rendered":"<p>P\u00e5 bakgrunn av utviklingen i korona-pandemien har AKKS Bergen avlyst alle v\u00e5re resterende kurs dette semesteret. V\u00e5r neste kursperiode blir derfor til h\u00f8sten med kursoppstart i september og november. Vi jobber med \u00e5 f\u00e5 p\u00e5 plass p\u00e5meldingsskjema til disse kursene. \u00d8nsker du mer info send en e-post til kontoret@bergen.akks.no eller benytt dette interesseskjemaet s\u00e5 vil [&hellip;]<\/p>\n","protected":false},"author":5,"featured_media":1546,"comment_status":"closed","ping_status":"closed","sticky":false,"template":"","format":"standard","meta":[],"categories":[1],"tags":[],"_links":{"self":[{"href":"https:\/\/akks.no\/bergen\/wp-json\/wp\/v2\/posts\/1545"}],"collection":[{"href":"https:\/\/akks.no\/bergen\/wp-json\/wp\/v2\/posts"}],"about":[{"href":"https:\/\/akks.no\/bergen\/wp-json\/wp\/v2\/types\/post"}],"author":[{"embeddable":true,"href":"https:\/\/akks.no\/bergen\/wp-json\/wp\/v2\/users\/5"}],"replies":[{"embeddable":true,"href":"https:\/\/akks.no\/bergen\/wp-json\/wp\/v2\/comments?post=1545"}],"version-history":[{"count":12,"href":"https:\/\/akks.no\/bergen\/wp-json\/wp\/v2\/posts\/1545\/revisions"}],"predecessor-version":[{"id":8492,"href":"https:\/\/akks.no\/bergen\/wp-json\/wp\/v2\/posts\/1545\/revisions\/8492"}],"wp:featuredmedia":[{"embeddable":true,"href":"https:\/\/akks.no\/bergen\/wp-json\/wp\/v2\/media\/1546"}],"wp:attachment":[{"href":"https:\/\/akks.no\/bergen\/wp-json\/wp\/v2\/media?parent=1545"}],"wp:term":[{"taxonomy":"category","embeddable":true,"href":"https:\/\/akks.no\/bergen\/wp-json\/wp\/v2\/categories?post=1545"},{"taxonomy":"post_tag","embeddable":true,"href":"https:\/\/akks.no\/bergen\/wp-json\/wp\/v2\/tags?post=1545"}],"curies":[{"name":"wp","href":"https:\/\/api.w.org\/{rel}","templated":true}]}}