{"id":1492,"date":"2020-03-11T15:23:51","date_gmt":"2020-03-11T14:23:51","guid":{"rendered":"\/bergen\/?p=1492"},"modified":"2020-05-30T09:18:57","modified_gmt":"2020-05-30T07:18:57","slug":"om-koronaviruset","status":"publish","type":"post","link":"\/bergen\/2020\/03\/11\/om-koronaviruset\/","title":{"rendered":"Om koronaviruset"},"content":{"rendered":"<p>Til v\u00e5re medlemmer, kursdeltakere og brukere av \u00f8vingslokalene hos AKKS Bergen.<\/p>\n<p>For \u00e5 forebygge koronasmitte har vi i tr\u00e5d med helsemyndighetenes r\u00e5d besluttet \u00e5 stanse all aktivitet t.o.m. mandag 15. juni. Det vil si at alle kurs og arrangementer er avlyst f.o.m. torsdag 12. mars t.o.m. 15. juni 2020. \u00d8vingslokalene er \u00e5pne f.o.m. mandag 27. april, <span class=\"s1\">men med smitteverntiltak. Se<\/span> mer info om gjen\u00e5pning av \u00f8vingslokalene <a href=\"https:\/\/akks.no\/bergen\/2020\/04\/27\/vi-apner-ovingslokalene\/\">her<\/a>.<\/p>\n<p>Har du sp\u00f8rsm\u00e5l? Ta kontakt p\u00e5 bergen@akks.no eller tlf. 55 55 75 55 i kontortid mandag &#8211; fredag kl. 10 &#8211; 15.<\/p>\n<p>&nbsp;<\/p>\n<p>Du kan lese mer om smittevern og viruset p\u00e5 Bergen kommune og Helsedirektoratet sine nettsider:<\/p>\n<p><a href=\"https:\/\/www.bergen.kommune.no\/hvaskjer\/tema\/koronavirus\">https:\/\/www.bergen.kommune.no\/hvaskjer\/tema\/koronavirus<\/a><\/p>\n<p><a href=\"https:\/\/www.helsedirektoratet.no\/tema\/beredskap-og-krisehandtering\/koronavirus\">https:\/\/www.helsedirektoratet.no\/tema\/beredskap-og-krisehandtering\/koronavirus<\/a><\/p>\n","protected":false},"excerpt":{"rendered":"<p>Til v\u00e5re medlemmer, kursdeltakere og brukere av \u00f8vingslokalene hos AKKS Bergen. For \u00e5 forebygge koronasmitte har vi i tr\u00e5d med helsemyndighetenes r\u00e5d besluttet \u00e5 stanse all aktivitet t.o.m. mandag 15. juni. Det vil si at alle kurs og arrangementer er avlyst f.o.m. torsdag 12. mars t.o.m. 15. juni 2020. \u00d8vingslokalene er \u00e5pne f.o.m. mandag 27. [&hellip;]<\/p>\n","protected":false},"author":5,"featured_media":1493,"comment_status":"closed","ping_status":"closed","sticky":false,"template":"","format":"standard","meta":[],"categories":[1],"tags":[],"_links":{"self":[{"href":"https:\/\/akks.no\/bergen\/wp-json\/wp\/v2\/posts\/1492"}],"collection":[{"href":"https:\/\/akks.no\/bergen\/wp-json\/wp\/v2\/posts"}],"about":[{"href":"https:\/\/akks.no\/bergen\/wp-json\/wp\/v2\/types\/post"}],"author":[{"embeddable":true,"href":"https:\/\/akks.no\/bergen\/wp-json\/wp\/v2\/users\/5"}],"replies":[{"embeddable":true,"href":"https:\/\/akks.no\/bergen\/wp-json\/wp\/v2\/comments?post=1492"}],"version-history":[{"count":25,"href":"https:\/\/akks.no\/bergen\/wp-json\/wp\/v2\/posts\/1492\/revisions"}],"predecessor-version":[{"id":1788,"href":"https:\/\/akks.no\/bergen\/wp-json\/wp\/v2\/posts\/1492\/revisions\/1788"}],"wp:featuredmedia":[{"embeddable":true,"href":"https:\/\/akks.no\/bergen\/wp-json\/wp\/v2\/media\/1493"}],"wp:attachment":[{"href":"https:\/\/akks.no\/bergen\/wp-json\/wp\/v2\/media?parent=1492"}],"wp:term":[{"taxonomy":"category","embeddable":true,"href":"https:\/\/akks.no\/bergen\/wp-json\/wp\/v2\/categories?post=1492"},{"taxonomy":"post_tag","embeddable":true,"href":"https:\/\/akks.no\/bergen\/wp-json\/wp\/v2\/tags?post=1492"}],"curies":[{"name":"wp","href":"https:\/\/api.w.org\/{rel}","templated":true}]}}